{"id":27417,"date":"2016-05-13T10:07:25","date_gmt":"2016-05-13T14:07:25","guid":{"rendered":"https:\/\/ocorreionews.com.br\/?p=27417"},"modified":"2016-05-15T13:59:33","modified_gmt":"2016-05-15T17:59:33","slug":"convite-festa-de-nossa-senhora-de-fatima","status":"publish","type":"post","link":"https:\/\/www.ocorreionews.com.br\/acervo-correio\/?p=27417","title":{"rendered":"Convite: Festa de Nossa Senhora de F\u00e1tima"},"content":{"rendered":"<p>A comunidade cat\u00f3lica de Chapad\u00e3o do Sul convida a toda a popula\u00e7\u00e3o para participarem neste domingo dia 15, da 12\u00aa Festa de Nossa Senhora de F\u00e1tima.<\/p>\n<p>As festividades ter\u00e3o in\u00edcio nesta sexta-feira 13, com a realiza\u00e7\u00e3o da carreata, saindo da Igreja Matriz S\u00e3o Pedro, as 18horas, seguindo at\u00e9 a Capela de Nossa Senhora de Fatima, na Avenida S\u00e3o Paulo, no Bairro Flamboyant, para a celebra\u00e7\u00e3o da Santa Missa.<\/p>\n<p>No Domingo dia 15, acontece no sal\u00e3o Paroquial a partir das 11 horas, o Churrasco, ao valor de R$ 30 por pessoa, com direito a um prato decorado com motivos da Santa Padroeira.<\/p>\n<p>O s ingressos podem ser adquiridos pelos telefones (67) 9969-1632 e 9961-7476.<\/p>\n","protected":false},"excerpt":{"rendered":"<p>A comunidade cat\u00f3lica de Chapad\u00e3o do Sul convida a toda a popula\u00e7\u00e3o para participarem neste domingo dia 15, da 12\u00aa Festa de Nossa Senhora de F\u00e1tima. As festividades ter\u00e3o in\u00edcio nesta sexta-feira 13, com a realiza\u00e7\u00e3o da carreata, saindo da Igreja Matriz S\u00e3o Pedro, as 18horas, seguindo at\u00e9 a Capela de Nossa Senhora de Fatima, [&hellip;]<\/p>\n","protected":false},"author":4,"featured_media":27419,"comment_status":"closed","ping_status":"closed","sticky":false,"template":"","format":"standard","meta":{"footnotes":""},"categories":[23],"tags":[],"class_list":["post-27417","post","type-post","status-publish","format-standard","has-post-thumbnail","hentry","category-chapadao-do-sul"],"_links":{"self":[{"href":"https:\/\/www.ocorreionews.com.br\/acervo-correio\/index.php?rest_route=\/wp\/v2\/posts\/27417","targetHints":{"allow":["GET"]}}],"collection":[{"href":"https:\/\/www.ocorreionews.com.br\/acervo-correio\/index.php?rest_route=\/wp\/v2\/posts"}],"about":[{"href":"https:\/\/www.ocorreionews.com.br\/acervo-correio\/index.php?rest_route=\/wp\/v2\/types\/post"}],"author":[{"embeddable":true,"href":"https:\/\/www.ocorreionews.com.br\/acervo-correio\/index.php?rest_route=\/wp\/v2\/users\/4"}],"replies":[{"embeddable":true,"href":"https:\/\/www.ocorreionews.com.br\/acervo-correio\/index.php?rest_route=%2Fwp%2Fv2%2Fcomments&post=27417"}],"version-history":[{"count":0,"href":"https:\/\/www.ocorreionews.com.br\/acervo-correio\/index.php?rest_route=\/wp\/v2\/posts\/27417\/revisions"}],"wp:featuredmedia":[{"embeddable":true,"href":"https:\/\/www.ocorreionews.com.br\/acervo-correio\/index.php?rest_route=\/wp\/v2\/media\/27419"}],"wp:attachment":[{"href":"https:\/\/www.ocorreionews.com.br\/acervo-correio\/index.php?rest_route=%2Fwp%2Fv2%2Fmedia&parent=27417"}],"wp:term":[{"taxonomy":"category","embeddable":true,"href":"https:\/\/www.ocorreionews.com.br\/acervo-correio\/index.php?rest_route=%2Fwp%2Fv2%2Fcategories&post=27417"},{"taxonomy":"post_tag","embeddable":true,"href":"https:\/\/www.ocorreionews.com.br\/acervo-correio\/index.php?rest_route=%2Fwp%2Fv2%2Ftags&post=27417"}],"curies":[{"name":"wp","href":"https:\/\/api.w.org\/{rel}","templated":true}]}}