{"id":27422,"date":"2016-05-13T10:20:29","date_gmt":"2016-05-13T14:20:29","guid":{"rendered":"https:\/\/ocorreionews.com.br\/?p=27422"},"modified":"2016-05-13T10:20:29","modified_gmt":"2016-05-13T14:20:29","slug":"policia-civil-procura-autor-de-furtos-em-comercios","status":"publish","type":"post","link":"https:\/\/www.ocorreionews.com.br\/acervo-correio\/?p=27422","title":{"rendered":"Pol\u00edcia civil procura autor de furtos em com\u00e9rcios"},"content":{"rendered":"<p>A Pol\u00edcia Civil de Parana\u00edba, vem registrando reiteradas ocorr\u00eancias de furto em estabelecimentos comerciais. No meio da imprensa o autor dos furtos j\u00e1 \u00e9 conhecido como &#8220;Man\u00edaco dos vidros temperados&#8221;.<\/p>\n<p>No dia 10 deste m\u00eas uma Equipe da Pol\u00edcia Militar deteve e trouxe at\u00e9 a Delegacia de Pol\u00edcia Civil MOIS\u00c9S PALMEIRAS DA SILVA, autor dos referidos furtos. Ocorre que MOIS\u00c9S n\u00e3o estava em situa\u00e7\u00e3o de flagrante e n\u00e3o tinha contra si mandado de pris\u00e3o em aberto. Somente nessas duas hip\u00f3teses \u00e9 poss\u00edvel se efetuar a pris\u00e3o. Deste modo, a contragosto dos Delegados, MOIS\u00c9S acabou sendo liberado e continuou a pratica reiterada dos furtos dando n\u00e3o s\u00f3 preju\u00edzo dos bens furtados aos comerciantes, mas tamb\u00e9m o das portas quebradas.<\/p>\n<p>Desde ontem o S.I.G. mobilizou uma Equipe especialmente para trabalhar neste caso e ap\u00f3s servi\u00e7o de investiga\u00e7\u00e3o conseguiu provar a rela\u00e7\u00e3o de MOIS\u00c9S com os furtos ocorridos.<\/p>\n<p>Hoje, em conjunto com o Delegado de Pol\u00edcia Dr. Wallace Martins Borges, se comprometem a dar uma solu\u00e7\u00e3o ao caso mas para isso precisam da ajuda da popula\u00e7\u00e3o de bem.<\/p>\n<p>Caso voc\u00ea, cidad\u00e3o de bem, viu ou sabe o paradeiro de MOIS\u00c9S PALMEIRAS DA SILVA, informe imediatamente a pol\u00edcia para que ele seja preso!! Os telefones de contato da pol\u00edcia s\u00e3o 190, 197 ou 3668-1064.<\/p>\n<p>SIGA-Paranaiba<\/p>\n","protected":false},"excerpt":{"rendered":"<p>A Pol\u00edcia Civil de Parana\u00edba, vem registrando reiteradas ocorr\u00eancias de furto em estabelecimentos comerciais. No meio da imprensa o autor dos furtos j\u00e1 \u00e9 conhecido como &#8220;Man\u00edaco dos vidros temperados&#8221;. No dia 10 deste m\u00eas uma Equipe da Pol\u00edcia Militar deteve e trouxe at\u00e9 a Delegacia de Pol\u00edcia Civil MOIS\u00c9S PALMEIRAS DA SILVA, autor dos [&hellip;]<\/p>\n","protected":false},"author":4,"featured_media":27423,"comment_status":"closed","ping_status":"closed","sticky":false,"template":"","format":"standard","meta":{"footnotes":""},"categories":[38],"tags":[],"class_list":["post-27422","post","type-post","status-publish","format-standard","has-post-thumbnail","hentry","category-policia"],"_links":{"self":[{"href":"https:\/\/www.ocorreionews.com.br\/acervo-correio\/index.php?rest_route=\/wp\/v2\/posts\/27422","targetHints":{"allow":["GET"]}}],"collection":[{"href":"https:\/\/www.ocorreionews.com.br\/acervo-correio\/index.php?rest_route=\/wp\/v2\/posts"}],"about":[{"href":"https:\/\/www.ocorreionews.com.br\/acervo-correio\/index.php?rest_route=\/wp\/v2\/types\/post"}],"author":[{"embeddable":true,"href":"https:\/\/www.ocorreionews.com.br\/acervo-correio\/index.php?rest_route=\/wp\/v2\/users\/4"}],"replies":[{"embeddable":true,"href":"https:\/\/www.ocorreionews.com.br\/acervo-correio\/index.php?rest_route=%2Fwp%2Fv2%2Fcomments&post=27422"}],"version-history":[{"count":0,"href":"https:\/\/www.ocorreionews.com.br\/acervo-correio\/index.php?rest_route=\/wp\/v2\/posts\/27422\/revisions"}],"wp:featuredmedia":[{"embeddable":true,"href":"https:\/\/www.ocorreionews.com.br\/acervo-correio\/index.php?rest_route=\/wp\/v2\/media\/27423"}],"wp:attachment":[{"href":"https:\/\/www.ocorreionews.com.br\/acervo-correio\/index.php?rest_route=%2Fwp%2Fv2%2Fmedia&parent=27422"}],"wp:term":[{"taxonomy":"category","embeddable":true,"href":"https:\/\/www.ocorreionews.com.br\/acervo-correio\/index.php?rest_route=%2Fwp%2Fv2%2Fcategories&post=27422"},{"taxonomy":"post_tag","embeddable":true,"href":"https:\/\/www.ocorreionews.com.br\/acervo-correio\/index.php?rest_route=%2Fwp%2Fv2%2Ftags&post=27422"}],"curies":[{"name":"wp","href":"https:\/\/api.w.org\/{rel}","templated":true}]}}