{"id":27425,"date":"2016-05-13T13:27:48","date_gmt":"2016-05-13T17:27:48","guid":{"rendered":"https:\/\/ocorreionews.com.br\/?p=27425"},"modified":"2016-05-13T13:27:48","modified_gmt":"2016-05-13T17:27:48","slug":"vice-prefeita-acompanhou-festa-de-aniversario-de-costa-rica","status":"publish","type":"post","link":"https:\/\/www.ocorreionews.com.br\/acervo-correio\/?p=27425","title":{"rendered":"Vice-Prefeita acompanhou festa de anivers\u00e1rio de Costa Rica"},"content":{"rendered":"<p>A\u00a0Vice-Prefeita Liza Scheide acompanhou a festa de anivers\u00e1rio do vizinho munic\u00edpio de Costa Rica, nesta quinta-feira, 12.<\/p>\n<p>A cidade comemorou 36 anos de sua emancipa\u00e7\u00e3o administrativa com uma intensa programa\u00e7\u00e3o, que come\u00e7ou na ter\u00e7a-feira e vai at\u00e9 domingo.<\/p>\n<p>Liza Scheide parabenizou as autoridades e a popula\u00e7\u00e3o costariquense pelo anivers\u00e1rio e acompanhou o desfile c\u00edvico, com a participa\u00e7\u00e3o das escolas, com\u00e9rcio e entidades.<\/p>\n<p>Bandas de Chapad\u00e3o do Sul, Para\u00edso das \u00c1guas, juntamente com a banda Municipal de Costa Rica, abrilhantaram ainda mais o desfile, com magnificas apresenta\u00e7\u00f5es. O desfile aconteceu no Centro de Eventos Ramez Tebet.<\/p>\n<p><img decoding=\"async\" src=\"http:\/\/www.chapadaodosul.ms.gov.br\/admin\/arquivos\/images\/_DSC0097%281%29.JPG\" alt=\"\" \/> <img decoding=\"async\" src=\"http:\/\/www.chapadaodosul.ms.gov.br\/admin\/arquivos\/images\/_DSC0163.JPG\" alt=\"\" \/><\/p>\n<p><img decoding=\"async\" src=\"http:\/\/www.chapadaodosul.ms.gov.br\/admin\/arquivos\/images\/_DSC0243.JPG\" alt=\"\" \/> <img decoding=\"async\" src=\"http:\/\/www.chapadaodosul.ms.gov.br\/admin\/arquivos\/images\/_DSC0250.JPG\" alt=\"\" \/><\/p>\n<p>&nbsp;<\/p>\n<p>&nbsp;<\/p>\n<p>&nbsp;<\/p>\n<p>Assessoria<\/p>\n","protected":false},"excerpt":{"rendered":"<p>A\u00a0Vice-Prefeita Liza Scheide acompanhou a festa de anivers\u00e1rio do vizinho munic\u00edpio de Costa Rica, nesta quinta-feira, 12. A cidade comemorou 36 anos de sua emancipa\u00e7\u00e3o administrativa com uma intensa programa\u00e7\u00e3o, que come\u00e7ou na ter\u00e7a-feira e vai at\u00e9 domingo. Liza Scheide parabenizou as autoridades e a popula\u00e7\u00e3o costariquense pelo anivers\u00e1rio e acompanhou o desfile c\u00edvico, com [&hellip;]<\/p>\n","protected":false},"author":4,"featured_media":27426,"comment_status":"closed","ping_status":"closed","sticky":false,"template":"","format":"standard","meta":{"footnotes":""},"categories":[23],"tags":[],"class_list":["post-27425","post","type-post","status-publish","format-standard","has-post-thumbnail","hentry","category-chapadao-do-sul"],"_links":{"self":[{"href":"https:\/\/www.ocorreionews.com.br\/acervo-correio\/index.php?rest_route=\/wp\/v2\/posts\/27425","targetHints":{"allow":["GET"]}}],"collection":[{"href":"https:\/\/www.ocorreionews.com.br\/acervo-correio\/index.php?rest_route=\/wp\/v2\/posts"}],"about":[{"href":"https:\/\/www.ocorreionews.com.br\/acervo-correio\/index.php?rest_route=\/wp\/v2\/types\/post"}],"author":[{"embeddable":true,"href":"https:\/\/www.ocorreionews.com.br\/acervo-correio\/index.php?rest_route=\/wp\/v2\/users\/4"}],"replies":[{"embeddable":true,"href":"https:\/\/www.ocorreionews.com.br\/acervo-correio\/index.php?rest_route=%2Fwp%2Fv2%2Fcomments&post=27425"}],"version-history":[{"count":0,"href":"https:\/\/www.ocorreionews.com.br\/acervo-correio\/index.php?rest_route=\/wp\/v2\/posts\/27425\/revisions"}],"wp:featuredmedia":[{"embeddable":true,"href":"https:\/\/www.ocorreionews.com.br\/acervo-correio\/index.php?rest_route=\/wp\/v2\/media\/27426"}],"wp:attachment":[{"href":"https:\/\/www.ocorreionews.com.br\/acervo-correio\/index.php?rest_route=%2Fwp%2Fv2%2Fmedia&parent=27425"}],"wp:term":[{"taxonomy":"category","embeddable":true,"href":"https:\/\/www.ocorreionews.com.br\/acervo-correio\/index.php?rest_route=%2Fwp%2Fv2%2Fcategories&post=27425"},{"taxonomy":"post_tag","embeddable":true,"href":"https:\/\/www.ocorreionews.com.br\/acervo-correio\/index.php?rest_route=%2Fwp%2Fv2%2Ftags&post=27425"}],"curies":[{"name":"wp","href":"https:\/\/api.w.org\/{rel}","templated":true}]}}