{"id":27428,"date":"2016-05-13T13:29:31","date_gmt":"2016-05-13T17:29:31","guid":{"rendered":"https:\/\/ocorreionews.com.br\/?p=27428"},"modified":"2016-05-13T13:29:31","modified_gmt":"2016-05-13T17:29:31","slug":"prefeitura-e-aciacri-promovem-em-parceria-com-o-sebrae-curso-de-planejamento-estrategico-na-medida","status":"publish","type":"post","link":"https:\/\/www.ocorreionews.com.br\/acervo-correio\/?p=27428","title":{"rendered":"Prefeitura e ACIACRI promovem em parceria com o SEBRAE curso de \u201cPlanejamento Estrat\u00e9gico na Medida\u201d"},"content":{"rendered":"<div class=\"marginBottom30px link-Internas\">\n<p>O Governo Municipal por meio da Secretaria de Agricultura e Desenvolvimento e a ACIACRI \u2013 Associa\u00e7\u00e3o Comercial, Industrial e Agropastoril de Costa Rica \u2013 MS em parceria com o SEBRAE\/MS &#8211; Servi\u00e7o Brasileiro de Apoio \u00e0s Micro e Pequenas Empresas de Mato Grosso do Sul \u2013 oferecerem no per\u00edodo de 16 a 20 de maio de 2016, curso de \u201cPlanejamento Estrat\u00e9gico na Medida\u201d para empres\u00e1rios costarriquenses.<\/p>\n<p>O programa \u00e9 dividido em duas etapas. Na primeira que compreende o per\u00edodo do dia 16 a 19 de maio, ser\u00e3o 16 (dezesseis) horas de Treinamento com o consultor Silvio Balduino. Esse curso ser\u00e1 realizado no hor\u00e1rio das 19h \u00e0s 23h, no audit\u00f3rio da ACIACRI, localizada na Rua T\u00e9rcio Teixeira Machado \u2013 N\u00b0. 679 \u2013 Centro.<\/p>\n<p>J\u00e1 a segunda etapa s\u00e3o duas horas em consultorias por empresa, a serem realizadas no per\u00edodo de 17 a 20 de maio com hor\u00e1rios flex\u00edveis.<\/p>\n<p>Durante o treinamento os empres\u00e1rios ter\u00e3o a oportunidade de debater sobres temas como: \u201cReflex\u00e3o sobre planejamento: os primeiros passos\u201d; \u201cMiss\u00e3o, vis\u00e3o e valores\u201d; \u201cContornos das empresas e an\u00e1lise ambiental\u201d e \u201cPlano de a\u00e7\u00e3o e indicadores\u201d.<\/p>\n<p>De acordo com informa\u00e7\u00f5es do agente de Desenvolvimento Local, Jos\u00e9 Adriano de Jesus Silva, o curso tem objetivo de dominar o processo de organiza\u00e7\u00e3o da microempresa, planejar estrat\u00e9gias empresariais e aplicar as ferramentas de planejamento para melhorar o desempenho da microempresa, com aumento da competitividade, de modo sustent\u00e1vel.<\/p>\n<p>Os interessados podem fazer as inscri\u00e7\u00f5es pelos telefones (67) 3247 1974 ou 3247 7081. O valor do investimento \u00e9 de R$ 135,00 e podem participar at\u00e9 duas pessoas por empresa.<\/p>\n<\/div>\n<div class=\"marginBottom30px link-Internas\">ASSECOM\/PMCR<\/div>\n","protected":false},"excerpt":{"rendered":"<p>O Governo Municipal por meio da Secretaria de Agricultura e Desenvolvimento e a ACIACRI \u2013 Associa\u00e7\u00e3o Comercial, Industrial e Agropastoril de Costa Rica \u2013 MS em parceria com o SEBRAE\/MS &#8211; Servi\u00e7o Brasileiro de Apoio \u00e0s Micro e Pequenas Empresas de Mato Grosso do Sul \u2013 oferecerem no per\u00edodo de 16 a 20 de maio [&hellip;]<\/p>\n","protected":false},"author":4,"featured_media":27429,"comment_status":"closed","ping_status":"closed","sticky":false,"template":"","format":"standard","meta":{"footnotes":""},"categories":[25],"tags":[],"class_list":["post-27428","post","type-post","status-publish","format-standard","has-post-thumbnail","hentry","category-costa-rica"],"_links":{"self":[{"href":"https:\/\/www.ocorreionews.com.br\/acervo-correio\/index.php?rest_route=\/wp\/v2\/posts\/27428","targetHints":{"allow":["GET"]}}],"collection":[{"href":"https:\/\/www.ocorreionews.com.br\/acervo-correio\/index.php?rest_route=\/wp\/v2\/posts"}],"about":[{"href":"https:\/\/www.ocorreionews.com.br\/acervo-correio\/index.php?rest_route=\/wp\/v2\/types\/post"}],"author":[{"embeddable":true,"href":"https:\/\/www.ocorreionews.com.br\/acervo-correio\/index.php?rest_route=\/wp\/v2\/users\/4"}],"replies":[{"embeddable":true,"href":"https:\/\/www.ocorreionews.com.br\/acervo-correio\/index.php?rest_route=%2Fwp%2Fv2%2Fcomments&post=27428"}],"version-history":[{"count":0,"href":"https:\/\/www.ocorreionews.com.br\/acervo-correio\/index.php?rest_route=\/wp\/v2\/posts\/27428\/revisions"}],"wp:featuredmedia":[{"embeddable":true,"href":"https:\/\/www.ocorreionews.com.br\/acervo-correio\/index.php?rest_route=\/wp\/v2\/media\/27429"}],"wp:attachment":[{"href":"https:\/\/www.ocorreionews.com.br\/acervo-correio\/index.php?rest_route=%2Fwp%2Fv2%2Fmedia&parent=27428"}],"wp:term":[{"taxonomy":"category","embeddable":true,"href":"https:\/\/www.ocorreionews.com.br\/acervo-correio\/index.php?rest_route=%2Fwp%2Fv2%2Fcategories&post=27428"},{"taxonomy":"post_tag","embeddable":true,"href":"https:\/\/www.ocorreionews.com.br\/acervo-correio\/index.php?rest_route=%2Fwp%2Fv2%2Ftags&post=27428"}],"curies":[{"name":"wp","href":"https:\/\/api.w.org\/{rel}","templated":true}]}}