{"id":27460,"date":"2016-05-14T08:17:27","date_gmt":"2016-05-14T12:17:27","guid":{"rendered":"https:\/\/ocorreionews.com.br\/?p=27460"},"modified":"2016-05-14T08:17:27","modified_gmt":"2016-05-14T12:17:27","slug":"waldeli-participa-da-abertura-oficial-do-9-encontro-estadual-do-laco-comprido","status":"publish","type":"post","link":"https:\/\/www.ocorreionews.com.br\/acervo-correio\/?p=27460","title":{"rendered":"Waldeli participa da abertura oficial do 9\u00b0 Encontro Estadual do La\u00e7o Comprido"},"content":{"rendered":"<div class=\"marginBottom30px link-Internas\">\n<p>O prefeito de Costa Rica \u2013 MS, Waldeli dos Santos Rosa, participou na noite de sexta-feira (13), da abertura oficial do 9\u00b0 Encontro Estadual do La\u00e7o Comprido.<\/p>\n<p>Na oportunidade o prefeito hasteou a bandeira do Munic\u00edpio e fez um breve discurso salientando a import\u00e2ncia de um evento como esse e convidando a todos para a 2\u00aa edi\u00e7\u00e3o do concurso da Queima do Alho.<\/p>\n<p>\u201cAgrade\u00e7o aos organizadores pela mudan\u00e7a de data do encontro. Seria em janeiro, mas por conta do anivers\u00e1rio da cidade pedi para que mudassem para maio. Essa festa \u00e9 feita com port\u00f5es abertos e toda festa assim, \u00e9 para fam\u00edlia, \u00e9 uma festa que tem sucesso. Quero aqui deixar meu convite para que Costa Rica receba uma final da competi\u00e7\u00e3o\u201d, enfatiza.<\/p>\n<p><a href=\"https:\/\/ocorreionews.com.br\/wp-content\/uploads\/2016\/05\/abertura-tiro-de-la\u00e7o-2.jpg\"><img loading=\"lazy\" decoding=\"async\" class=\"size-medium wp-image-27462 alignleft\" src=\"https:\/\/ocorreionews.com.br\/wp-content\/uploads\/2016\/05\/abertura-tiro-de-la\u00e7o-2-300x199.jpg\" alt=\"abertura tiro de la\u00e7o 2\" width=\"300\" height=\"199\" srcset=\"https:\/\/www.ocorreionews.com.br\/acervo-correio\/wp-content\/uploads\/2016\/05\/abertura-tiro-de-la\u00e7o-2-300x199.jpg 300w, https:\/\/www.ocorreionews.com.br\/acervo-correio\/wp-content\/uploads\/2016\/05\/abertura-tiro-de-la\u00e7o-2-768x509.jpg 768w, https:\/\/www.ocorreionews.com.br\/acervo-correio\/wp-content\/uploads\/2016\/05\/abertura-tiro-de-la\u00e7o-2.jpg 800w\" sizes=\"auto, (max-width: 300px) 100vw, 300px\" \/><\/a>O 9\u00b0 Encontro Estadual do La\u00e7o Comprido est\u00e1 sendo realizado no per\u00edodo de 13 a 15 de maio no Clube de La\u00e7o 3 Divisas. De acordo com os organizadores, cerca de 400 la\u00e7adores vindos de diversas cidades est\u00e3o participando das provas.<\/p>\n<p>A premia\u00e7\u00e3o ser\u00e1 entregue no domingo (15). Onde tamb\u00e9m ser\u00e1 realizado o Concurso da Queima do Alho com a premia\u00e7\u00e3o do melhor carreteiro.<\/p>\n<p>O presidente da Federa\u00e7\u00e3o de Clube de La\u00e7o de Mato Grosso do Sul, Elvio Garcez agradeceu a parceria do Munic\u00edpio e do Clube do La\u00e7o 3 Divisas na realiza\u00e7\u00e3o do encontro.<\/p>\n<p>\u201cCosta Rica tem um prefeito que apoia e participa de encontros como este. Tenho certeza que esse evento ser\u00e1 um sucesso\u201d, declara.<\/p>\n<p>A cada m\u00eas \u00e9 realizado um Encontro de clube de la\u00e7o, em cada Grupo, em um Clube filiado \u00e0 Federa\u00e7\u00e3o. S\u00e3o disputadas 38 ta\u00e7as, nas categorias de: Pe\u00e3o Mirim, Bandeira, Adulto, Amazonas, etc.<\/p>\n<p>O evento cumpre o calend\u00e1rio da Federa\u00e7\u00e3o dos Clubes de La\u00e7o de Mato Grosso do Sul.<\/p>\n<\/div>\n<div class=\"marginBottom30px link-Internas\">ASSECOM\/PMCR<\/div>\n","protected":false},"excerpt":{"rendered":"<p>O prefeito de Costa Rica \u2013 MS, Waldeli dos Santos Rosa, participou na noite de sexta-feira (13), da abertura oficial do 9\u00b0 Encontro Estadual do La\u00e7o Comprido. Na oportunidade o prefeito hasteou a bandeira do Munic\u00edpio e fez um breve discurso salientando a import\u00e2ncia de um evento como esse e convidando a todos para a [&hellip;]<\/p>\n","protected":false},"author":4,"featured_media":27461,"comment_status":"closed","ping_status":"closed","sticky":false,"template":"","format":"standard","meta":{"footnotes":""},"categories":[25],"tags":[],"class_list":["post-27460","post","type-post","status-publish","format-standard","has-post-thumbnail","hentry","category-costa-rica"],"_links":{"self":[{"href":"https:\/\/www.ocorreionews.com.br\/acervo-correio\/index.php?rest_route=\/wp\/v2\/posts\/27460","targetHints":{"allow":["GET"]}}],"collection":[{"href":"https:\/\/www.ocorreionews.com.br\/acervo-correio\/index.php?rest_route=\/wp\/v2\/posts"}],"about":[{"href":"https:\/\/www.ocorreionews.com.br\/acervo-correio\/index.php?rest_route=\/wp\/v2\/types\/post"}],"author":[{"embeddable":true,"href":"https:\/\/www.ocorreionews.com.br\/acervo-correio\/index.php?rest_route=\/wp\/v2\/users\/4"}],"replies":[{"embeddable":true,"href":"https:\/\/www.ocorreionews.com.br\/acervo-correio\/index.php?rest_route=%2Fwp%2Fv2%2Fcomments&post=27460"}],"version-history":[{"count":0,"href":"https:\/\/www.ocorreionews.com.br\/acervo-correio\/index.php?rest_route=\/wp\/v2\/posts\/27460\/revisions"}],"wp:featuredmedia":[{"embeddable":true,"href":"https:\/\/www.ocorreionews.com.br\/acervo-correio\/index.php?rest_route=\/wp\/v2\/media\/27461"}],"wp:attachment":[{"href":"https:\/\/www.ocorreionews.com.br\/acervo-correio\/index.php?rest_route=%2Fwp%2Fv2%2Fmedia&parent=27460"}],"wp:term":[{"taxonomy":"category","embeddable":true,"href":"https:\/\/www.ocorreionews.com.br\/acervo-correio\/index.php?rest_route=%2Fwp%2Fv2%2Fcategories&post=27460"},{"taxonomy":"post_tag","embeddable":true,"href":"https:\/\/www.ocorreionews.com.br\/acervo-correio\/index.php?rest_route=%2Fwp%2Fv2%2Ftags&post=27460"}],"curies":[{"name":"wp","href":"https:\/\/api.w.org\/{rel}","templated":true}]}}