{"id":27464,"date":"2016-05-14T08:26:22","date_gmt":"2016-05-14T12:26:22","guid":{"rendered":"https:\/\/ocorreionews.com.br\/?p=27464"},"modified":"2016-05-14T08:26:22","modified_gmt":"2016-05-14T12:26:22","slug":"preco-do-milho-sobe-1728-em-ms-e-safrinha-promete","status":"publish","type":"post","link":"https:\/\/www.ocorreionews.com.br\/acervo-correio\/?p=27464","title":{"rendered":"Pre\u00e7o do milho sobe 172,8% em MS e safrinha promete"},"content":{"rendered":"<p>Em disparada, o valor da saca do milho registrou recorde de R$ 47,75 em Mato Grosso do Sul, nesta semana, o que representa alta de 172,86% em rela\u00e7\u00e3o a cota\u00e7\u00e3o do gr\u00e3o na mesma data do ano passado. Em 12 de maio de 2015, o produto era comercializado a R$ 17,50. Os dados s\u00e3o da Federa\u00e7\u00e3o da Agricultura e Pecu\u00e1ria do Estado (Famasul). O pre\u00e7o vem batendo recordes nas \u00faltimas semanas e a tend\u00eancia \u00e9 de continuar acima dos valores hist\u00f3ricos mesmo ap\u00f3s a colheita da 2\u00aa safra 2015\/2016. O motivo da valoriza\u00e7\u00e3o do gr\u00e3o \u00e9 o aumento na demanda de consumo interno e externo, enquanto a produ\u00e7\u00e3o tem queda nos n\u00fameros.<\/p>\n<p>A analista de gr\u00e3os T\u00e2nia Tozzi diz que a cota\u00e7\u00e3o de R$ 47,75 \u00e9 a maior j\u00e1 registrada no Estado. Quando analisado o hist\u00f3rico da data de 13 de maio, o pre\u00e7o mais alto j\u00e1 apurado foi de R$ 25. \u201cEstamos registrando recorde, mas n\u00e3o \u00e9 pequena a diferen\u00e7a, \u00e9 muito alta. N\u00f3s temos uma demanda elevad\u00edssima no mercado. Se n\u00e3o tem milho no mercado, eu sou obrigada a pagar o que voc\u00ea pedir\u201d, frisa, lembrando que para dar conta de atender a demanda interna, o Brasil ter\u00e1 que importar um grande volume de milho neste ano.<\/p>\n<p>&nbsp;<\/p>\n<p>&nbsp;<\/p>\n<p>&nbsp;<\/p>\n<p><strong>Correio do Estado &#8211;\u00a0Paula Vitorino<\/strong><\/p>\n","protected":false},"excerpt":{"rendered":"<p>Em disparada, o valor da saca do milho registrou recorde de R$ 47,75 em Mato Grosso do Sul, nesta semana, o que representa alta de 172,86% em rela\u00e7\u00e3o a cota\u00e7\u00e3o do gr\u00e3o na mesma data do ano passado. Em 12 de maio de 2015, o produto era comercializado a R$ 17,50. Os dados s\u00e3o da [&hellip;]<\/p>\n","protected":false},"author":4,"featured_media":26921,"comment_status":"closed","ping_status":"closed","sticky":false,"template":"","format":"standard","meta":{"footnotes":""},"categories":[17],"tags":[],"class_list":["post-27464","post","type-post","status-publish","format-standard","has-post-thumbnail","hentry","category-agropecuaria"],"_links":{"self":[{"href":"https:\/\/www.ocorreionews.com.br\/acervo-correio\/index.php?rest_route=\/wp\/v2\/posts\/27464","targetHints":{"allow":["GET"]}}],"collection":[{"href":"https:\/\/www.ocorreionews.com.br\/acervo-correio\/index.php?rest_route=\/wp\/v2\/posts"}],"about":[{"href":"https:\/\/www.ocorreionews.com.br\/acervo-correio\/index.php?rest_route=\/wp\/v2\/types\/post"}],"author":[{"embeddable":true,"href":"https:\/\/www.ocorreionews.com.br\/acervo-correio\/index.php?rest_route=\/wp\/v2\/users\/4"}],"replies":[{"embeddable":true,"href":"https:\/\/www.ocorreionews.com.br\/acervo-correio\/index.php?rest_route=%2Fwp%2Fv2%2Fcomments&post=27464"}],"version-history":[{"count":0,"href":"https:\/\/www.ocorreionews.com.br\/acervo-correio\/index.php?rest_route=\/wp\/v2\/posts\/27464\/revisions"}],"wp:featuredmedia":[{"embeddable":true,"href":"https:\/\/www.ocorreionews.com.br\/acervo-correio\/index.php?rest_route=\/wp\/v2\/media\/26921"}],"wp:attachment":[{"href":"https:\/\/www.ocorreionews.com.br\/acervo-correio\/index.php?rest_route=%2Fwp%2Fv2%2Fmedia&parent=27464"}],"wp:term":[{"taxonomy":"category","embeddable":true,"href":"https:\/\/www.ocorreionews.com.br\/acervo-correio\/index.php?rest_route=%2Fwp%2Fv2%2Fcategories&post=27464"},{"taxonomy":"post_tag","embeddable":true,"href":"https:\/\/www.ocorreionews.com.br\/acervo-correio\/index.php?rest_route=%2Fwp%2Fv2%2Ftags&post=27464"}],"curies":[{"name":"wp","href":"https:\/\/api.w.org\/{rel}","templated":true}]}}