{"id":27466,"date":"2016-05-14T08:27:25","date_gmt":"2016-05-14T12:27:25","guid":{"rendered":"https:\/\/ocorreionews.com.br\/?p=27466"},"modified":"2016-05-14T08:27:25","modified_gmt":"2016-05-14T12:27:25","slug":"universidade-federal-abre-concurso-para-contratar-mais-de-50-professores","status":"publish","type":"post","link":"https:\/\/www.ocorreionews.com.br\/acervo-correio\/?p=27466","title":{"rendered":"Universidade Federal abre concurso para contratar mais de 50 professores"},"content":{"rendered":"<p>A Funda\u00e7\u00e3o Universidade Federal de Mato Grosso do Sul (UFMS) abriu concurso p\u00fablico para contratar mais de 50 professores. Sal\u00e1rio varia de R$ 2.018,77 a R$ 4.014,00 e, em alguns casos, h\u00e1 pagamento de retribui\u00e7\u00e3o por titula\u00e7\u00e3o. A jornada de trabalho \u00e9 de 20 horas semanais ou em regime de dedica\u00e7\u00e3o exclusiva.<\/p>\n<p>As vagas s\u00e3o para atuar nos campi de Tr\u00eas Lagoas; Navira\u00ed; Coxim; Chapad\u00e3o do Sul; Parana\u00edba; Aquidauana; Pantanal e no Instituto de Qu\u00edmica; Instituto de Matem\u00e1tica; Faculdade de Medicina; Faculdade de Engenharias, Arquitetura e Urbanismo e Geografia; Escola de Administra\u00e7\u00e3o e Neg\u00f3cios; Centro de Ci\u00eancias Biol\u00f3gicas e da Sa\u00fade; e Centro de Ci\u00eancias Humanas e Sociais.<\/p>\n<p>Inscri\u00e7\u00f5es podem ser feitas das 9h do dia 25 de maio \u00e0s 23h59 de 17 de junho, por meio do site www.copeve.ufms.br. As taxas variam de R$ 59,00 a R$ 250,50.<\/p>\n<aside class=\"grid_4 maisLidasBox\">\n<div class=\"clear\"><\/div>\n<div class=\"squareBanner\">\n<div class=\"clear\"><\/div>\n<div class=\"squareBanner\"><script src=\"http:\/\/pagead2.googlesyndication.com\/pagead\/js\/adsbygoogle.js\" async=\"\"><\/script><ins class=\"adsbygoogle\" data-adsbygoogle-status=\"done\" data-ad-client=\"ca-pub-4156194410382358\" data-ad-slot=\"6165045509\"><ins id=\"aswift_0_expand\"><ins id=\"aswift_0_anchor\"><iframe id=\"aswift_0\" name=\"aswift_0\" width=\"300\" height=\"250\" frameborder=\"0\" marginwidth=\"0\" marginheight=\"0\" scrolling=\"no\" allowfullscreen=\"allowfullscreen\"><\/iframe><\/ins><\/ins><\/ins><script>\/\/ <![CDATA[\n(adsbygoogle = window.adsbygoogle || []).push({});\n\/\/ ]]><\/script><\/div>\n<\/div>\n<div class=\"clear\"><\/div>\n<div class=\"spacer20\"><\/div>\n<\/aside>\n<p>As oportunidades s\u00e3o para as \u00e1reas de Ci\u00eancias da Sa\u00fade \/ Enfermagem \/ Enfermagem M\u00e9dico-Cir\u00fargica (1); Ci\u00eancias da Sa\u00fade \/ Sa\u00fade Coletiva \/ Sa\u00fade P\u00fablica (1); Ci\u00eancias Biol\u00f3gicas \/ Ecologia (1); Ci\u00eancias Biol\u00f3gicas \/ Parasitologia (1); Ci\u00eancias Biol\u00f3gicas \/ Morfologia \/ Citologia e Biologia Celular (1); Lingu\u00edstica, Letras e Artes \/Artes \/ Artes Pl\u00e1sticas \/ Desenho (1); Ci\u00eancias Sociais Aplicadas \/ Economia \/ Teoria Econ\u00f4mica \/ Economia Geral (1); Ci\u00eancias da Sa\u00fade \/ Educa\u00e7\u00e3o F\u00edsica (2); Lingu\u00edstica, Letras e Artes \/ Artes \/ M\u00fasica (4); Ci\u00eancias Sociais Aplicadas \/ Administra\u00e7\u00e3o \/ Administra\u00e7\u00e3o de Empresas \/ Administra\u00e7\u00e3o Financeira (1); Ci\u00eancias Sociais Aplicadas \/ Administra\u00e7\u00e3o \/ Ci\u00eancias Cont\u00e1beis (1); Ci\u00eancias Sociais Aplicadas \/ Administra\u00e7\u00e3o \/ Administra\u00e7\u00e3o de Empresas \/ Mercadologia (1); Ci\u00eancias Sociais Aplicadas \/ Arquitetura e Urbanismo \/ Projeto de Arquitetura e Urbanismo \/ Planejamento e Projetos da Edifica\u00e7\u00e3o (1); Ci\u00eancias Sociais Aplicadas \/ Arquitetura e Urbanismo \/ Fundamentos de Arquitetura e Urbanismo \/ Hist\u00f3ria da Arquitetura e Urbanismo (1); Grande \/ \u00c1rea: Ci\u00eancias da Sa\u00fade \/ Medicina \/ Sa\u00fade Materno-Infantil (1); Ci\u00eancias da Sa\u00fade \/ Medicina \/ Cl\u00ednica M\u00e9dica \/ Hematologia (1); Ci\u00eancias da Sa\u00fade \/ Medicina \/ Cl\u00ednica M\u00e9dica \/ Cardiologia (1); Ci\u00eancias Exatas e da Terra \/ Matem\u00e1tica \/ \u00c1lgebra (2); Ci\u00eancias Humanas \/ Educa\u00e7\u00e3o (1); Ci\u00eancias Humanas \/ Hist\u00f3ria \/ Hist\u00f3ria do Brasil \/ Hist\u00f3ria do Brasil Rep\u00fablica (1); Ci\u00eancias Exatas e da Terra \/ Ci\u00eancia da Computa\u00e7\u00e3o \/ Metodologia e T\u00e9cnicas da Computa\u00e7\u00e3o (1); Lingu\u00edstica, Letras e Artes \/ Letras\/ L\u00ednguas Estrangeiras Modernas (1); Ci\u00eancias Sociais Aplicadas \/ Administra\u00e7\u00e3o \/ Administra\u00e7\u00e3o de Setores Espec\u00edficos (4); Ci\u00eancias Exatas e da Terra \/ Matem\u00e1tica \/ Matem\u00e1tica Aplicada (1); Ci\u00eancias Exatas e da Terra \/ Ci\u00eancia da Computa\u00e7\u00e3o (1); Ci\u00eancias da Sa\u00fade \/ Enfermagem \/ Enfermagem M\u00e9dico-Cir\u00fargica (1); Ci\u00eancias Sociais Aplicadas \/ Administra\u00e7\u00e3o \/ Administra\u00e7\u00e3o de Empresas \/ Administra\u00e7\u00e3o da Produ\u00e7\u00e3o (1); Ci\u00eancias Sociais Aplicadas \/ Administra\u00e7\u00e3o \/ Administra\u00e7\u00e3o de Empresas \/ Mercadologia (1); Ci\u00eancias Humanas \/ Educa\u00e7\u00e3o \/ Ensino-Aprendizagem \/ M\u00e9todos e T\u00e9cnicas de Ensino (1); Ci\u00eancias Humanas \/ Sociologia \/ Fundamentos da Sociologia \/ Teoria Sociol\u00f3gica (1); Ci\u00eancias da Sa\u00fade \/ Medicina \/ Cl\u00ednica M\u00e9dica \/ Ginecologia e Obstetr\u00edcia (1); Ci\u00eancias Biol\u00f3gicas \/ Fisiologia\/ Fisiologia Geral (1); Ci\u00eancias da Sa\u00fade \/ Enfermagem \/ Enfermagem de Sa\u00fade P\u00fablica (1); Lingu\u00edstica, Letras e Artes\/ Letras \/ L\u00ednguas Estrangeiras Modernas (1); Ci\u00eancias Humanas \/ Hist\u00f3ria (1); Ci\u00eancias Humanas \/ Hist\u00f3ria\/ Hist\u00f3ria Antiga e Medieval (1); Ci\u00eancias da Sa\u00fade \/ Medicina \/ Cl\u00ednica M\u00e9dica (1); Ci\u00eancias Biol\u00f3gicas \/ Morfologia \/ Histologia (1); Ci\u00eancias Biol\u00f3gicas \/ Farmacologia \/ Farmacologia Geral (1); Ci\u00eancias da Sa\u00fade \/ Medicina \/ Cl\u00ednica M\u00e9dica (2); Ci\u00eancias da Sa\u00fade \/ Medicina \/ Cirurgia \/ Anestesiologia (1); Ci\u00eancias da Sa\u00fade \/ Medicina \/ Cirurgia (1); Ci\u00eancias da Sa\u00fade \/ Medicina \/ Psiquiatria (1); Ci\u00eancias da Sa\u00fade \/ Enfermagem \/ Enfermagem de Sa\u00fade P\u00fablica (1); Ci\u00eancias Biol\u00f3gicas \/ Gen\u00e9tica (1); e Ci\u00eancias da Sa\u00fade \/ Enfermagem \/ Enfermagem M\u00e9dico-Cir\u00fargica (1).<\/p>\n<p>Para classificar os candidatos, ser\u00e1 aplicada prova escrita, de car\u00e1ter eliminat\u00f3rio e classificat\u00f3rio, did\u00e1tica e de t\u00edtulos. Resultado ter\u00e1 validade de um ano, prorrog\u00e1vel por igual per\u00edodo.<\/p>\n<p>&nbsp;<\/p>\n<p>&nbsp;<\/p>\n<p>&nbsp;<\/p>\n<p>Correio do Estado<\/p>\n","protected":false},"excerpt":{"rendered":"<p>A Funda\u00e7\u00e3o Universidade Federal de Mato Grosso do Sul (UFMS) abriu concurso p\u00fablico para contratar mais de 50 professores. Sal\u00e1rio varia de R$ 2.018,77 a R$ 4.014,00 e, em alguns casos, h\u00e1 pagamento de retribui\u00e7\u00e3o por titula\u00e7\u00e3o. A jornada de trabalho \u00e9 de 20 horas semanais ou em regime de dedica\u00e7\u00e3o exclusiva. As vagas s\u00e3o [&hellip;]<\/p>\n","protected":false},"author":4,"featured_media":10212,"comment_status":"closed","ping_status":"closed","sticky":false,"template":"","format":"standard","meta":{"footnotes":""},"categories":[23,31],"tags":[],"class_list":["post-27466","post","type-post","status-publish","format-standard","has-post-thumbnail","hentry","category-chapadao-do-sul","category-geral"],"_links":{"self":[{"href":"https:\/\/www.ocorreionews.com.br\/acervo-correio\/index.php?rest_route=\/wp\/v2\/posts\/27466","targetHints":{"allow":["GET"]}}],"collection":[{"href":"https:\/\/www.ocorreionews.com.br\/acervo-correio\/index.php?rest_route=\/wp\/v2\/posts"}],"about":[{"href":"https:\/\/www.ocorreionews.com.br\/acervo-correio\/index.php?rest_route=\/wp\/v2\/types\/post"}],"author":[{"embeddable":true,"href":"https:\/\/www.ocorreionews.com.br\/acervo-correio\/index.php?rest_route=\/wp\/v2\/users\/4"}],"replies":[{"embeddable":true,"href":"https:\/\/www.ocorreionews.com.br\/acervo-correio\/index.php?rest_route=%2Fwp%2Fv2%2Fcomments&post=27466"}],"version-history":[{"count":0,"href":"https:\/\/www.ocorreionews.com.br\/acervo-correio\/index.php?rest_route=\/wp\/v2\/posts\/27466\/revisions"}],"wp:featuredmedia":[{"embeddable":true,"href":"https:\/\/www.ocorreionews.com.br\/acervo-correio\/index.php?rest_route=\/wp\/v2\/media\/10212"}],"wp:attachment":[{"href":"https:\/\/www.ocorreionews.com.br\/acervo-correio\/index.php?rest_route=%2Fwp%2Fv2%2Fmedia&parent=27466"}],"wp:term":[{"taxonomy":"category","embeddable":true,"href":"https:\/\/www.ocorreionews.com.br\/acervo-correio\/index.php?rest_route=%2Fwp%2Fv2%2Fcategories&post=27466"},{"taxonomy":"post_tag","embeddable":true,"href":"https:\/\/www.ocorreionews.com.br\/acervo-correio\/index.php?rest_route=%2Fwp%2Fv2%2Ftags&post=27466"}],"curies":[{"name":"wp","href":"https:\/\/api.w.org\/{rel}","templated":true}]}}