{"id":27468,"date":"2016-05-14T08:31:21","date_gmt":"2016-05-14T12:31:21","guid":{"rendered":"https:\/\/ocorreionews.com.br\/?p=27468"},"modified":"2016-05-14T08:31:21","modified_gmt":"2016-05-14T12:31:21","slug":"banda-municipal-de-paraiso-das-aguas-faz-belissima-apresentacao-em-costa-rica","status":"publish","type":"post","link":"https:\/\/www.ocorreionews.com.br\/acervo-correio\/?p=27468","title":{"rendered":"Banda Municipal de Para\u00edso das \u00c1guas faz bel\u00edssima apresenta\u00e7\u00e3o em Costa Rica"},"content":{"rendered":"<p>A Banda Municipal de Para\u00edso das \u00c1guas, Bamp\u00e1, participou na manh\u00e3 de ontem, dia 12 de maio, quinta-feira das comemora\u00e7\u00f5es de anivers\u00e1rio da cidade vizinha Costa Rica.<a href=\"https:\/\/ocorreionews.com.br\/wp-content\/uploads\/2016\/05\/apresenta\u00e7\u00e3o-banda-BAMPA-cr.jpg\"><img loading=\"lazy\" decoding=\"async\" class=\"size-medium wp-image-27470 alignright\" src=\"https:\/\/ocorreionews.com.br\/wp-content\/uploads\/2016\/05\/apresenta\u00e7\u00e3o-banda-BAMPA-cr-300x199.jpg\" alt=\"apresenta\u00e7\u00e3o banda BAMPA cr\" width=\"300\" height=\"199\" srcset=\"https:\/\/www.ocorreionews.com.br\/acervo-correio\/wp-content\/uploads\/2016\/05\/apresenta\u00e7\u00e3o-banda-BAMPA-cr-300x199.jpg 300w, https:\/\/www.ocorreionews.com.br\/acervo-correio\/wp-content\/uploads\/2016\/05\/apresenta\u00e7\u00e3o-banda-BAMPA-cr.jpg 670w\" sizes=\"auto, (max-width: 300px) 100vw, 300px\" \/><\/a><\/p>\n<p>A Banda, \u00a0criada pela Lei n\u00ba 039, de 28 de junho de 2013, realizou mais uma apresenta\u00e7\u00e3o excepcional com muita afina\u00e7\u00e3o, \u00a0movimentos coordenados, concentra\u00e7\u00e3o e eleg\u00e2ncia, marcas registradas da Bamp\u00e1.<\/p>\n<p>O resultado de todo esse sucesso \u00e9 pautado em muitos ensaios (que acontecem no contra turno do col\u00e9gio), disciplina, seriedade, esp\u00edrito de equipe, amor a musica e dedica\u00e7\u00e3o de todos os integrantes da Banda, que, \u00e9 coordenada e regida pelo maestro Wanderlan Rodrigues Ferreira.<\/p>\n<p>A Banda Municipal de Para\u00edso das \u00c1guas conta com o apoio e incentivo da administra\u00e7\u00e3o municipal atrav\u00e9s da Secretaria Municipal de Educa\u00e7\u00e3o, Cultura, Esporte e Lazer, que reconhece a import\u00e2ncia da m\u00fasica na vida de crian\u00e7as e \u00a0adolescentes<\/p>\n<p><strong>Bamp\u00e1: <\/strong>A banda atualmente \u00e9 composta por 52 integrantes \u00a0que se dividem em quatro segmentos sendo linha de frente, balizas, instrumental de sopro e percuss\u00e3o. Al\u00e9m das aulas te\u00f3ricas e pr\u00e1tica instrumental, o projeto tamb\u00e9m instrui sobre as primeiras no\u00e7\u00f5es de patriotismo, dever cumprido e cidadania.<\/p>\n<p>Para fazer parte da banda, os interessados devem ter no m\u00ednimo sete anos de idade, \u00a0residir no munic\u00edpio, ter disponibilidade de tempo, se for menor de idade deve ter autoriza\u00e7\u00e3o dos respons\u00e1veis, estar frequentando a escola e ter boas notas e bom comportamento na institui\u00e7\u00e3o de ensino que frequenta.<\/p>\n<p>Maiores informa\u00e7\u00f5es podem ser obtidas na Avenida Sabino Rodrigues de Menezes, n\u00ba 60 na Sede da Banda Musical de Para\u00edso das \u00c1guas.<\/p>\n<p>&nbsp;<\/p>\n<p>&nbsp;<\/p>\n<p>ASSECOM PMPA &#8211;\u00a0Daniela Loss\u00e1vero<\/p>\n","protected":false},"excerpt":{"rendered":"<p>A Banda Municipal de Para\u00edso das \u00c1guas, Bamp\u00e1, participou na manh\u00e3 de ontem, dia 12 de maio, quinta-feira das comemora\u00e7\u00f5es de anivers\u00e1rio da cidade vizinha Costa Rica. A Banda, \u00a0criada pela Lei n\u00ba 039, de 28 de junho de 2013, realizou mais uma apresenta\u00e7\u00e3o excepcional com muita afina\u00e7\u00e3o, \u00a0movimentos coordenados, concentra\u00e7\u00e3o e eleg\u00e2ncia, marcas registradas [&hellip;]<\/p>\n","protected":false},"author":4,"featured_media":27469,"comment_status":"closed","ping_status":"closed","sticky":false,"template":"","format":"standard","meta":{"footnotes":""},"categories":[36],"tags":[],"class_list":["post-27468","post","type-post","status-publish","format-standard","has-post-thumbnail","hentry","category-paraiso-das-aguas"],"_links":{"self":[{"href":"https:\/\/www.ocorreionews.com.br\/acervo-correio\/index.php?rest_route=\/wp\/v2\/posts\/27468","targetHints":{"allow":["GET"]}}],"collection":[{"href":"https:\/\/www.ocorreionews.com.br\/acervo-correio\/index.php?rest_route=\/wp\/v2\/posts"}],"about":[{"href":"https:\/\/www.ocorreionews.com.br\/acervo-correio\/index.php?rest_route=\/wp\/v2\/types\/post"}],"author":[{"embeddable":true,"href":"https:\/\/www.ocorreionews.com.br\/acervo-correio\/index.php?rest_route=\/wp\/v2\/users\/4"}],"replies":[{"embeddable":true,"href":"https:\/\/www.ocorreionews.com.br\/acervo-correio\/index.php?rest_route=%2Fwp%2Fv2%2Fcomments&post=27468"}],"version-history":[{"count":0,"href":"https:\/\/www.ocorreionews.com.br\/acervo-correio\/index.php?rest_route=\/wp\/v2\/posts\/27468\/revisions"}],"wp:featuredmedia":[{"embeddable":true,"href":"https:\/\/www.ocorreionews.com.br\/acervo-correio\/index.php?rest_route=\/wp\/v2\/media\/27469"}],"wp:attachment":[{"href":"https:\/\/www.ocorreionews.com.br\/acervo-correio\/index.php?rest_route=%2Fwp%2Fv2%2Fmedia&parent=27468"}],"wp:term":[{"taxonomy":"category","embeddable":true,"href":"https:\/\/www.ocorreionews.com.br\/acervo-correio\/index.php?rest_route=%2Fwp%2Fv2%2Fcategories&post=27468"},{"taxonomy":"post_tag","embeddable":true,"href":"https:\/\/www.ocorreionews.com.br\/acervo-correio\/index.php?rest_route=%2Fwp%2Fv2%2Ftags&post=27468"}],"curies":[{"name":"wp","href":"https:\/\/api.w.org\/{rel}","templated":true}]}}