{"id":2755,"date":"2015-06-02T09:53:22","date_gmt":"2015-06-02T13:53:22","guid":{"rendered":"https:\/\/ocorreionews.com.br\/?p=2755"},"modified":"2015-06-02T09:53:22","modified_gmt":"2015-06-02T13:53:22","slug":"programacao-da-semana-do-meio-ambiente-em-paraiso-das-aguas","status":"publish","type":"post","link":"https:\/\/www.ocorreionews.com.br\/acervo-correio\/?p=2755","title":{"rendered":"Programa\u00e7\u00e3o da Semana do Meio Ambiente em Para\u00edso das \u00c1guas"},"content":{"rendered":"<p style=\"text-align: justify;\">Entre os dias 1\u00ba e 7 de junho, uma s\u00e9rie de a\u00e7\u00f5es socioambientais, referenciando o dia mundial do meio Ambiente, estar\u00e1 acontecendo no munic\u00edpio de Para\u00edso das \u00c1guas, fruto da parceria das Secretarias Municipais: de Planejamento e Fomento ao Desenvolvimento, de Educa\u00e7\u00e3o e de Assist\u00eancia Social. O objetivo maior dessas a\u00e7\u00f5es \u00e9 de incentivar em todos que participarem em terem consci\u00eancia da import\u00e2ncia da preserva\u00e7\u00e3o do meio natural em que vivemos, e com isso promover a educa\u00e7\u00e3o ambiental em \u00e2mbitos escolar e social.<\/p>\n<p style=\"text-align: justify;\">Trabalhar com\u00a0 temas sobre o meio ambiente com crian\u00e7as e adolescentes s\u00e3o de suma import\u00e2ncia para a sua forma\u00e7\u00e3o de seu car\u00e1ter de bom cidad\u00e3o.<\/p>\n<p style=\"text-align: justify;\">O meio ambiente \u00e9 o conjunto de unidades ecol\u00f3gicas, que inclui a vegeta\u00e7\u00e3o, os animais, o solo, a atmosfera, e muito mais. Os recursos naturais como o ar, a \u00e1gua e o clima tamb\u00e9m fazem parte deste conjunto.<\/p>\n<p style=\"text-align: justify;\">Atualmente, o meio ambiente tem sido prejudicado pelo aquecimento global, que \u00e9 causado por fatores antr\u00f3picos, como a libera\u00e7\u00e3o de gases do efeito estufa.<\/p>\n<p style=\"text-align: justify;\">O\u00a0<strong>Dia Mundial do Meio Ambiente<\/strong>\u00a0acontece em 5 de junho, data em que ocorrem diversas campanhas de prote\u00e7\u00e3o do ambiente e de conscientiza\u00e7\u00e3o contra o aquecimento global.<\/p>\n<p style=\"text-align: justify;\">Segue o cronograma de algumas atividades a serem desenvolvidas em homenagem a semana do meio ambiente em nosso munic\u00edpio:<\/p>\n<ul style=\"text-align: justify;\">\n<li>Apresenta\u00e7\u00e3o de Projetos pedag\u00f3gicos nas escolas visando a conscientiza\u00e7\u00e3o da preserva\u00e7\u00e3o do no meio ambiente,<\/li>\n<li>Pit stop distribui\u00e7\u00e3o de mudas em v\u00e1rios pontos da cidade,<\/li>\n<li>Distribui\u00e7\u00e3o de panfletos e cartazes com mensagens de incentivo \u00e0 preserva\u00e7\u00e3o da natureza.<\/li>\n<\/ul>\n<p style=\"text-align: justify;\">Vale ressaltar que as atividades se concentrar\u00e3o na pra\u00e7a da veladoria ( Segunda \u2013 feira &#8211;\u00a0 dia 1\u00ba) e na pra\u00e7a da igreja matriz ( ter\u00e7a- feira &#8211;\u00a0 dia 2).<\/p>\n<p style=\"text-align: justify;\">Participe dessa a\u00e7\u00e3o e d\u00ea sua contribui\u00e7\u00e3o na preserva\u00e7\u00e3o do nosso meio ambiente.<\/p>\n<p style=\"text-align: justify;\">ASSECOM \u2013 Prefeitura Municipal de Para\u00edso das \u00c1guas.<\/p>\n","protected":false},"excerpt":{"rendered":"<p>Entre os dias 1\u00ba e 7 de junho, uma s\u00e9rie de a\u00e7\u00f5es socioambientais, referenciando o dia mundial do meio Ambiente, estar\u00e1 acontecendo no munic\u00edpio de Para\u00edso das \u00c1guas, fruto da parceria das Secretarias Municipais: de Planejamento e Fomento ao Desenvolvimento, de Educa\u00e7\u00e3o e de Assist\u00eancia Social. O objetivo maior dessas a\u00e7\u00f5es \u00e9 de incentivar em [&hellip;]<\/p>\n","protected":false},"author":4,"featured_media":2756,"comment_status":"closed","ping_status":"closed","sticky":false,"template":"","format":"standard","meta":{"footnotes":""},"categories":[36],"tags":[],"class_list":["post-2755","post","type-post","status-publish","format-standard","has-post-thumbnail","hentry","category-paraiso-das-aguas"],"_links":{"self":[{"href":"https:\/\/www.ocorreionews.com.br\/acervo-correio\/index.php?rest_route=\/wp\/v2\/posts\/2755","targetHints":{"allow":["GET"]}}],"collection":[{"href":"https:\/\/www.ocorreionews.com.br\/acervo-correio\/index.php?rest_route=\/wp\/v2\/posts"}],"about":[{"href":"https:\/\/www.ocorreionews.com.br\/acervo-correio\/index.php?rest_route=\/wp\/v2\/types\/post"}],"author":[{"embeddable":true,"href":"https:\/\/www.ocorreionews.com.br\/acervo-correio\/index.php?rest_route=\/wp\/v2\/users\/4"}],"replies":[{"embeddable":true,"href":"https:\/\/www.ocorreionews.com.br\/acervo-correio\/index.php?rest_route=%2Fwp%2Fv2%2Fcomments&post=2755"}],"version-history":[{"count":0,"href":"https:\/\/www.ocorreionews.com.br\/acervo-correio\/index.php?rest_route=\/wp\/v2\/posts\/2755\/revisions"}],"wp:featuredmedia":[{"embeddable":true,"href":"https:\/\/www.ocorreionews.com.br\/acervo-correio\/index.php?rest_route=\/wp\/v2\/media\/2756"}],"wp:attachment":[{"href":"https:\/\/www.ocorreionews.com.br\/acervo-correio\/index.php?rest_route=%2Fwp%2Fv2%2Fmedia&parent=2755"}],"wp:term":[{"taxonomy":"category","embeddable":true,"href":"https:\/\/www.ocorreionews.com.br\/acervo-correio\/index.php?rest_route=%2Fwp%2Fv2%2Fcategories&post=2755"},{"taxonomy":"post_tag","embeddable":true,"href":"https:\/\/www.ocorreionews.com.br\/acervo-correio\/index.php?rest_route=%2Fwp%2Fv2%2Ftags&post=2755"}],"curies":[{"name":"wp","href":"https:\/\/api.w.org\/{rel}","templated":true}]}}