{"id":2758,"date":"2015-06-02T10:08:11","date_gmt":"2015-06-02T14:08:11","guid":{"rendered":"https:\/\/ocorreionews.com.br\/?p=2758"},"modified":"2015-06-02T10:08:11","modified_gmt":"2015-06-02T14:08:11","slug":"energia-eletrica-bandeira-tarifaria-para-o-mes-de-junho-e-vermelha","status":"publish","type":"post","link":"https:\/\/www.ocorreionews.com.br\/acervo-correio\/?p=2758","title":{"rendered":"Energia el\u00e9trica: Bandeira Tarif\u00e1ria para o m\u00eas de junho \u00e9 vermelha"},"content":{"rendered":"<p style=\"text-align: justify;\">A bandeira tarif\u00e1ria para o m\u00eas de junho \u00e9 vermelha para todos os consumidores brasileiros, conforme divulgou a Ag\u00eancia Nacional de Energia El\u00e9trica (Aneel). Bandeira vermelha representa um acr\u00e9scimo de R$ 5,50 a cada 100 quilowatts-hora (kWh) consumidos. \u00a0A partir de 1\u00ba de maio de 2015, o sistema de bandeiras tamb\u00e9m come\u00e7ou a ser aplicado aos consumidores atendidos pela Amazonas Energia, pois conforme\u00a0<strong>Despacho n\u00ba 1.365\/2015<\/strong>, a distribuidora passou a fazer parte do Sistema Interligado Nacional (SIN).<\/p>\n<p style=\"text-align: justify;\">Pelo sistema de bandeiras, as cores verde, amarela e vermelha indicam se a energia custar\u00e1 mais ou menos em fun\u00e7\u00e3o das condi\u00e7\u00f5es de gera\u00e7\u00e3o de eletricidade. Assim, o consumidor poder\u00e1 identificar qual bandeira do m\u00eas e reagir a essa sinaliza\u00e7\u00e3o com o uso consciente da energia el\u00e9trica, sem desperd\u00edcio. Neste m\u00eas, a bandeira se mant\u00e9m na cor vermelha, significando que os custos para gerar energia ainda est\u00e3o os mais altos.<\/p>\n<p style=\"text-align: justify;\"><strong>O que cada cor indica<\/strong><\/p>\n<ul style=\"text-align: justify;\">\n<li>Bandeira verde: condi\u00e7\u00f5es favor\u00e1veis de gera\u00e7\u00e3o de energia. A tarifa n\u00e3o sofre nenhum acr\u00e9scimo;<\/li>\n<li>Bandeira amarela: condi\u00e7\u00f5es de gera\u00e7\u00e3o menos favor\u00e1veis. A tarifa sofre acr\u00e9scimo de R$ 2,50 para cada 100 quilowatts-hora (kWh) consumidos;<\/li>\n<li>Bandeira vermelha: condi\u00e7\u00f5es mais custosas de gera\u00e7\u00e3o. A tarifa sobre acr\u00e9scimo de R$ 5,50 para cada 100 kWh consumidos<\/li>\n<\/ul>\n<p style=\"text-align: justify;\"><strong><em>Agepan<\/em><\/strong><\/p>\n<p style=\"text-align: justify;\">A Ag\u00eancia Estadual de Regula\u00e7\u00e3o de Servi\u00e7os P\u00fablicos de MS \u2013\u00a0<em>Agepan\u00a0<\/em>orienta os consumidores de energia a ficarem atentos \u00e0 cor da bandeira indicada mensalmente e a adotarem medidas de uso racional. Para ajudar o consumidor a tirar d\u00favidas sobre esse servi\u00e7o, uma s\u00e9rie de informa\u00e7\u00f5es e dicas est\u00e3o sendo divulgadas pelo \u201cFiscalino\u201d, mascote das a\u00e7\u00f5es educativas da <em>Agepan. <\/em>Acompanhe no site <a href=\"http:\/\/www.agepan.ms.gov.br\">www.agepan.ms.gov.br<\/a><\/p>\n<p style=\"text-align: justify;\"><strong>Saiba mais<\/strong><\/p>\n<p style=\"text-align: justify;\"><em>As bandeiras tarif\u00e1rias s\u00e3o uma conta a mais para o consumidor pagar?<\/em><\/p>\n<p style=\"text-align: justify;\">N\u00e3o. As bandeiras s\u00e3o uma forma diferente de apresentar um custo que hoje j\u00e1 est\u00e1 na conta de energia, mas que geralmente passa despercebido.<\/p>\n<p style=\"text-align: justify;\">Antes das bandeiras, as varia\u00e7\u00f5es que ocorriam nos custos de gera\u00e7\u00e3o de energia, para mais ou para menos, eram repassados at\u00e9 um ano depois, no reajuste tarif\u00e1rio seguinte. Agora, as bandeiras sinalizam, m\u00eas a m\u00eas, o custo de gera\u00e7\u00e3o da energia el\u00e9trica que ser\u00e1 cobrada dos consumidores.<\/p>\n<p style=\"text-align: justify;\"><em>Por que saber a cor da bandeira \u00e9 importante para o consumidor?<\/em><\/p>\n<p style=\"text-align: justify;\">Com as bandeiras tarif\u00e1rias, o consumidor ganha um papel mais ativo na defini\u00e7\u00e3o de sua conta de energia. Ao saber, por exemplo, que a bandeira est\u00e1 vermelha, pode adaptar seu consumo e diminuir o valor da conta (ou, pelo menos, impedir que ele aumente).<\/p>\n<p style=\"text-align: justify;\"><em>Se o consumidor reduzir seu consumo, a sua bandeira muda de cor?<\/em><\/p>\n<p style=\"text-align: justify;\">N\u00e3o de forma direta. A cor da bandeira \u00e9 definida mensalmente e aplicada a todos os consumidores, ainda que eles tenham reduzido seu consumo. Mas a redu\u00e7\u00e3o do consumo pode diminuir o valor da conta ou, pelo menos, impedir que ela aumente. Al\u00e9m disso, quando os consumidores adaptam seu consumo ao sinal de pre\u00e7o eles est\u00e3o contribuindo para reduzir os custos de gera\u00e7\u00e3o de energia do sistema.<\/p>\n<p style=\"text-align: justify;\">\n<p style=\"text-align: justify;\">Fonte: Noticias.MS<\/p>\n","protected":false},"excerpt":{"rendered":"<p>A bandeira tarif\u00e1ria para o m\u00eas de junho \u00e9 vermelha para todos os consumidores brasileiros, conforme divulgou a Ag\u00eancia Nacional de Energia El\u00e9trica (Aneel). Bandeira vermelha representa um acr\u00e9scimo de R$ 5,50 a cada 100 quilowatts-hora (kWh) consumidos. \u00a0A partir de 1\u00ba de maio de 2015, o sistema de bandeiras tamb\u00e9m come\u00e7ou a ser aplicado [&hellip;]<\/p>\n","protected":false},"author":4,"featured_media":2759,"comment_status":"closed","ping_status":"closed","sticky":false,"template":"","format":"standard","meta":{"footnotes":""},"categories":[26],"tags":[],"class_list":["post-2758","post","type-post","status-publish","format-standard","has-post-thumbnail","hentry","category-economia"],"_links":{"self":[{"href":"https:\/\/www.ocorreionews.com.br\/acervo-correio\/index.php?rest_route=\/wp\/v2\/posts\/2758","targetHints":{"allow":["GET"]}}],"collection":[{"href":"https:\/\/www.ocorreionews.com.br\/acervo-correio\/index.php?rest_route=\/wp\/v2\/posts"}],"about":[{"href":"https:\/\/www.ocorreionews.com.br\/acervo-correio\/index.php?rest_route=\/wp\/v2\/types\/post"}],"author":[{"embeddable":true,"href":"https:\/\/www.ocorreionews.com.br\/acervo-correio\/index.php?rest_route=\/wp\/v2\/users\/4"}],"replies":[{"embeddable":true,"href":"https:\/\/www.ocorreionews.com.br\/acervo-correio\/index.php?rest_route=%2Fwp%2Fv2%2Fcomments&post=2758"}],"version-history":[{"count":0,"href":"https:\/\/www.ocorreionews.com.br\/acervo-correio\/index.php?rest_route=\/wp\/v2\/posts\/2758\/revisions"}],"wp:featuredmedia":[{"embeddable":true,"href":"https:\/\/www.ocorreionews.com.br\/acervo-correio\/index.php?rest_route=\/wp\/v2\/media\/2759"}],"wp:attachment":[{"href":"https:\/\/www.ocorreionews.com.br\/acervo-correio\/index.php?rest_route=%2Fwp%2Fv2%2Fmedia&parent=2758"}],"wp:term":[{"taxonomy":"category","embeddable":true,"href":"https:\/\/www.ocorreionews.com.br\/acervo-correio\/index.php?rest_route=%2Fwp%2Fv2%2Fcategories&post=2758"},{"taxonomy":"post_tag","embeddable":true,"href":"https:\/\/www.ocorreionews.com.br\/acervo-correio\/index.php?rest_route=%2Fwp%2Fv2%2Ftags&post=2758"}],"curies":[{"name":"wp","href":"https:\/\/api.w.org\/{rel}","templated":true}]}}