{"id":27633,"date":"2016-05-16T08:00:51","date_gmt":"2016-05-16T12:00:51","guid":{"rendered":"https:\/\/ocorreionews.com.br\/?p=27633"},"modified":"2016-05-16T08:00:51","modified_gmt":"2016-05-16T12:00:51","slug":"com-cristo-no-cerrado-torna-se-uma-ong-e-realiza-sua-primeira-assembleia","status":"publish","type":"post","link":"https:\/\/www.ocorreionews.com.br\/acervo-correio\/?p=27633","title":{"rendered":"Com Cristo no Cerrado torna-se uma ONG e realiza sua primeira assembleia"},"content":{"rendered":"<p>Na manh\u00e3 deste domingo, 15 de maio, a Com Cristo Cerrado realizou a sua assembleia ordin\u00e1ria para elei\u00e7\u00e3o da primeira diretoria e presta\u00e7\u00e3o de contas.<\/p>\n<p>Foi apresentado um balan\u00e7o com as despesas realizadas no ano, onde teve \u00e0 frente, como presidente, o seu mentor e maior incentivador, o agropecuarista Alberto Schlatter, de Chapad\u00e3o do Sul.<\/p>\n<p>Nos \u00faltimos cinco anos, da exist\u00eancia do Com Cristo no Cerrado, sob o comando de Alberto Schlatter e colaboradores foi realizado um trabalho mission\u00e1rio, com realiza\u00e7\u00e3o de encontros de fam\u00edlias, edi\u00e7\u00e3o especial e distribui\u00e7\u00e3o de exemplares da B\u00edblia sagrada, de CDs de palestras motivacionais e DVDs dos encontros.<\/p>\n<div id=\"attachment_196620\" class=\"wp-caption alignleft\"><img loading=\"lazy\" decoding=\"async\" class=\"size-medium wp-image-196620\" src=\"http:\/\/www.jovemsulnews.com.br\/wp-content\/uploads\/2016\/05\/ASSEMBLEIA-NOVA-DIRETORIA-02-300x200.jpg\" sizes=\"auto, (max-width: 300px) 100vw, 300px\" srcset=\"http:\/\/www.jovemsulnews.com.br\/wp-content\/uploads\/2016\/05\/ASSEMBLEIA-NOVA-DIRETORIA-02-300x200.jpg 300w, http:\/\/www.jovemsulnews.com.br\/wp-content\/uploads\/2016\/05\/ASSEMBLEIA-NOVA-DIRETORIA-02-768x512.jpg 768w, http:\/\/www.jovemsulnews.com.br\/wp-content\/uploads\/2016\/05\/ASSEMBLEIA-NOVA-DIRETORIA-02.jpg 800w\" alt=\"P\u00fablico presente, que aprovou as contas e elegeu nova diretoria\" width=\"300\" height=\"200\" \/><\/p>\n<p class=\"wp-caption-text\">P\u00fablico presente, que aprovou as contas e elegeu nova diretoria<\/p>\n<\/div>\n<p>No total, at\u00e9 o momento a entidade j\u00e1 distribuiu quase tr\u00eas mil exemplares da B\u00edblia, 4.500 CDs, 1.100 DVDs e 1.500 folhetos informativos sobre a entidade e seus eventos.<\/p>\n<p>J\u00e1 foram realizados cinco Encontros do Agroneg\u00f3cio e Fam\u00edlias do Cerrado Brasileiro, sendo quatro em Chapad\u00e3o do Sul e uma na cidade de Luiz Ant\u00f4nio Magalh\u00e3es (BA). O pr\u00f3ximo na Bahia ser\u00e1 realizado no dia 12 de agosto pr\u00f3ximo, tendo como palestrante, o Dr. Antonio Cabrera, com o tema: \u201cOs desafios do agroneg\u00f3cio brasileiro\u201d.<\/p>\n<p>A partir desta assembleia, realizada no Plen\u00e1rio da C\u00e2mara de Vereadores, a ONG, (Organiza\u00e7\u00e3o N\u00e3o Governamental) interdenominacional sem fins lucrativos, Com Cristo no Cerrado passa a contar com uma diretoria, que ficar\u00e1 respons\u00e1vel em arrecadar doa\u00e7\u00f5es de volunt\u00e1rios e associados, esses poder\u00e3o contribuir com doa\u00e7\u00f5es de no m\u00ednimo 100 reais por ano.<\/p>\n<p>A entidade e suas atividades tem tomado corpo e aumentado a demanda. At\u00e9 ent\u00e3o custeada exclusivamente pelo seu idealizador Alberto Schlatter.<\/p>\n<div class=\"banner-single\"><\/div>\n<p>Segundo Alberto Schlatter, ap\u00f3s a primeira guerra mundial, as igrejas concentraram seus esfor\u00e7os para evangelizar as pessoas menos favorecidas economicamente. A sua ideia \u00e9 que essa a\u00e7\u00e3o evangelizadora seja tamb\u00e9m intensificada e dirigida aos homens de neg\u00f3cios. Visa a iniciativa o fortalecimento dos la\u00e7os familiares e a difus\u00e3o da Palavra de Deus, especialmente aos homens de neg\u00f3cios e a todas as fam\u00edlias ligadas \u00e0 cadeia produtiva do agroneg\u00f3cio, especialmente nas regi\u00f5es do cerrado brasileiro.<\/p>\n<p>A organiza\u00e7\u00e3o n\u00e3o defende bandeiras religiosas. Qualquer pessoa, de qualquer denomina\u00e7\u00e3o religiosa pode participar da Com Cristo no Cerrado, basta entrar em contato.<\/p>\n<p>Veja abaixo a diretoria eleita por aclama\u00e7\u00e3o, para mandato de dois anos:<\/p>\n<p>Presidente: Alberto Schlatter (Chapad\u00e3o do Sul);<\/p>\n<p>Vice-Presidente: Claudio Mar\u00e7al (Luiz Eduardo Magalh\u00e3es);<\/p>\n<p>Secret\u00e1rio: Ad\u00e3o Hoffmann (Chapad\u00e3o do Sul);<\/p>\n<p>Tesoureiro: Waldyr Eg\u00eddio (Chapad\u00e3o do Sul).<\/p>\n<p>Contatos: (67) 3562-3614. (67) 9600-1746. E-mail: <a href=\"mailto:administracao@comcristonocerrado.org.br\">administracao@comcristonocerrado.org.br<\/a><\/p>\n<p><em>Fonte: Jovemsulnews<\/em><\/p>\n","protected":false},"excerpt":{"rendered":"<p>Na manh\u00e3 deste domingo, 15 de maio, a Com Cristo Cerrado realizou a sua assembleia ordin\u00e1ria para elei\u00e7\u00e3o da primeira diretoria e presta\u00e7\u00e3o de contas. Foi apresentado um balan\u00e7o com as despesas realizadas no ano, onde teve \u00e0 frente, como presidente, o seu mentor e maior incentivador, o agropecuarista Alberto Schlatter, de Chapad\u00e3o do Sul. [&hellip;]<\/p>\n","protected":false},"author":4,"featured_media":27638,"comment_status":"closed","ping_status":"closed","sticky":false,"template":"","format":"standard","meta":{"footnotes":""},"categories":[23],"tags":[],"class_list":["post-27633","post","type-post","status-publish","format-standard","has-post-thumbnail","hentry","category-chapadao-do-sul"],"_links":{"self":[{"href":"https:\/\/www.ocorreionews.com.br\/acervo-correio\/index.php?rest_route=\/wp\/v2\/posts\/27633","targetHints":{"allow":["GET"]}}],"collection":[{"href":"https:\/\/www.ocorreionews.com.br\/acervo-correio\/index.php?rest_route=\/wp\/v2\/posts"}],"about":[{"href":"https:\/\/www.ocorreionews.com.br\/acervo-correio\/index.php?rest_route=\/wp\/v2\/types\/post"}],"author":[{"embeddable":true,"href":"https:\/\/www.ocorreionews.com.br\/acervo-correio\/index.php?rest_route=\/wp\/v2\/users\/4"}],"replies":[{"embeddable":true,"href":"https:\/\/www.ocorreionews.com.br\/acervo-correio\/index.php?rest_route=%2Fwp%2Fv2%2Fcomments&post=27633"}],"version-history":[{"count":0,"href":"https:\/\/www.ocorreionews.com.br\/acervo-correio\/index.php?rest_route=\/wp\/v2\/posts\/27633\/revisions"}],"wp:featuredmedia":[{"embeddable":true,"href":"https:\/\/www.ocorreionews.com.br\/acervo-correio\/index.php?rest_route=\/wp\/v2\/media\/27638"}],"wp:attachment":[{"href":"https:\/\/www.ocorreionews.com.br\/acervo-correio\/index.php?rest_route=%2Fwp%2Fv2%2Fmedia&parent=27633"}],"wp:term":[{"taxonomy":"category","embeddable":true,"href":"https:\/\/www.ocorreionews.com.br\/acervo-correio\/index.php?rest_route=%2Fwp%2Fv2%2Fcategories&post=27633"},{"taxonomy":"post_tag","embeddable":true,"href":"https:\/\/www.ocorreionews.com.br\/acervo-correio\/index.php?rest_route=%2Fwp%2Fv2%2Ftags&post=27633"}],"curies":[{"name":"wp","href":"https:\/\/api.w.org\/{rel}","templated":true}]}}