{"id":27651,"date":"2016-05-16T08:19:24","date_gmt":"2016-05-16T12:19:24","guid":{"rendered":"https:\/\/ocorreionews.com.br\/?p=27651"},"modified":"2016-05-16T08:19:24","modified_gmt":"2016-05-16T12:19:24","slug":"com-cristo-no-cerrado-traz-reflexoes-sobre-comportamento-e-enfrentamento-da-crise","status":"publish","type":"post","link":"https:\/\/www.ocorreionews.com.br\/acervo-correio\/?p=27651","title":{"rendered":"Com Cristo no Cerrado traz reflex\u00f5es sobre comportamento e enfrentamento da crise"},"content":{"rendered":"<p>Neste final de semana ocorreu o V Encontro do Agroneg\u00f3cio e Fam\u00edlias do Cerrado Brasileiro. Em Chapad\u00e3o do Sul foi a quarta edi\u00e7\u00e3o.<\/p>\n<p>Neste ano o palestrante foi o te\u00f3logo e escritor, Marcelo Gomes. Ele \u00e9 radialista, apresentador de programa de TV, palestrante motivacional e conferencista, da cidade de Londrina (PR).<\/p>\n<p>J\u00e1 na sexta-feira (13) ocorreu uma palestra na Casa do Produtor, no Recinto de Exposi\u00e7\u00f5es do Sindicato Rural, dirigido a lideran\u00e7as. L\u00e1 o palestrante enfocou o comportamento pessoal. Passou pela import\u00e2ncia da mudan\u00e7a de comportamental para enfrentamento das crises pessoais, pol\u00edticas e empresariais.<\/p>\n<p>Na noite do s\u00e1bado (14) ocorreu o encontro com as fam\u00edlias, no Sal\u00e3o de Eventos, no mesmo parque de exposi\u00e7\u00f5es.<\/p>\n<p>Abriu o evento apresenta\u00e7\u00f5es do Grupo Vocal Quarteto da Ora\u00e7\u00e3o e as boas vindas do Presidente do Com Cristo no Cerrado, o agropecuarista Alberto Schlatter, apresentados pelo Pastor e Advogado Saulo.<\/p>\n<p>O palestrante iniciou com conceitos de fam\u00edlias que a levam para uma crise. Segundo o palestrante Marcelo Gomes, a crise \u00e9 antecedida de uma dificuldade, que pode chegar a um problema e depois de n\u00e3o serem resolvidos a tempo, transformam-se em uma crise. A crise \u00e9 um conjunto de situa\u00e7\u00f5es que n\u00e3o dependem de nossa vontade ou interfer\u00eancia. Por isso a import\u00e2ncia de resolvermos as dificuldades e problemas.<\/p>\n<p>Para enfrentarmos uma crise necessitamos de resili\u00eancia, ou seja, adquirirmos a capacidade de voltarmos \u00e0 situa\u00e7\u00e3o anterior ap\u00f3s uma grande press\u00e3o. \u201cQuando vencemos uma crise, sa\u00edmos mais fortes\u201d, disse.<\/p>\n<p>A resili\u00eancia em uma crise, seja na fam\u00edlia ou nos neg\u00f3cios \u00e9 conseguida atrav\u00e9s de atitudes positivas, com o exerc\u00edcio da gratid\u00e3o, for\u00e7a da solidariedade que nos tornam mais leves e eficientes. Devemos nos livrar das bagagens desnecess\u00e1rias, espiritualmente e materialmente. Ter certeza de prop\u00f3sito e esperan\u00e7a da vit\u00f3ria.<\/p>\n<p>Devemos estar sempre atentos e escolher os amigos:\u201d Na hora da abund\u00e2ncia descobrimos a quantidade de amigos, na dificuldade descobrimos a qualidade dos amigos\u201d, alertou.<\/p>\n<p>\u201cDepois da crise ficam as lembran\u00e7as das coisas boas\u201d, concluiu o palestrante.<\/p>\n<p>Ao final da palestra foi realizado um momento de confraterniza\u00e7\u00e3o entre os presentes e a distribui\u00e7\u00e3o gratuita de exemplares da B\u00edblia Sagrada, editada pela entidade Com Cristo no Cerrado, oferecida a todos os participantes do encontro.<\/p>\n<p><em>Fonte: Jovemsulnews<\/em><\/p>\n","protected":false},"excerpt":{"rendered":"<p>Neste final de semana ocorreu o V Encontro do Agroneg\u00f3cio e Fam\u00edlias do Cerrado Brasileiro. Em Chapad\u00e3o do Sul foi a quarta edi\u00e7\u00e3o. Neste ano o palestrante foi o te\u00f3logo e escritor, Marcelo Gomes. Ele \u00e9 radialista, apresentador de programa de TV, palestrante motivacional e conferencista, da cidade de Londrina (PR). J\u00e1 na sexta-feira (13) [&hellip;]<\/p>\n","protected":false},"author":4,"featured_media":27652,"comment_status":"closed","ping_status":"closed","sticky":false,"template":"","format":"standard","meta":{"footnotes":""},"categories":[23],"tags":[],"class_list":["post-27651","post","type-post","status-publish","format-standard","has-post-thumbnail","hentry","category-chapadao-do-sul"],"_links":{"self":[{"href":"https:\/\/www.ocorreionews.com.br\/acervo-correio\/index.php?rest_route=\/wp\/v2\/posts\/27651","targetHints":{"allow":["GET"]}}],"collection":[{"href":"https:\/\/www.ocorreionews.com.br\/acervo-correio\/index.php?rest_route=\/wp\/v2\/posts"}],"about":[{"href":"https:\/\/www.ocorreionews.com.br\/acervo-correio\/index.php?rest_route=\/wp\/v2\/types\/post"}],"author":[{"embeddable":true,"href":"https:\/\/www.ocorreionews.com.br\/acervo-correio\/index.php?rest_route=\/wp\/v2\/users\/4"}],"replies":[{"embeddable":true,"href":"https:\/\/www.ocorreionews.com.br\/acervo-correio\/index.php?rest_route=%2Fwp%2Fv2%2Fcomments&post=27651"}],"version-history":[{"count":0,"href":"https:\/\/www.ocorreionews.com.br\/acervo-correio\/index.php?rest_route=\/wp\/v2\/posts\/27651\/revisions"}],"wp:featuredmedia":[{"embeddable":true,"href":"https:\/\/www.ocorreionews.com.br\/acervo-correio\/index.php?rest_route=\/wp\/v2\/media\/27652"}],"wp:attachment":[{"href":"https:\/\/www.ocorreionews.com.br\/acervo-correio\/index.php?rest_route=%2Fwp%2Fv2%2Fmedia&parent=27651"}],"wp:term":[{"taxonomy":"category","embeddable":true,"href":"https:\/\/www.ocorreionews.com.br\/acervo-correio\/index.php?rest_route=%2Fwp%2Fv2%2Fcategories&post=27651"},{"taxonomy":"post_tag","embeddable":true,"href":"https:\/\/www.ocorreionews.com.br\/acervo-correio\/index.php?rest_route=%2Fwp%2Fv2%2Ftags&post=27651"}],"curies":[{"name":"wp","href":"https:\/\/api.w.org\/{rel}","templated":true}]}}