{"id":27662,"date":"2016-05-16T08:39:07","date_gmt":"2016-05-16T12:39:07","guid":{"rendered":"https:\/\/ocorreionews.com.br\/?p=27662"},"modified":"2016-05-16T08:39:07","modified_gmt":"2016-05-16T12:39:07","slug":"paranaiba-ladrao-do-blindex-suspeito-de-12-roubos-e-espancado-e-queimado-por-populares","status":"publish","type":"post","link":"https:\/\/www.ocorreionews.com.br\/acervo-correio\/?p=27662","title":{"rendered":"PARANA\u00cdBA: &#8216;Ladr\u00e3o do blindex&#8217;: suspeito de 12 roubos \u00e9 espancado e queimado por populares"},"content":{"rendered":"<p style=\"text-align: justify;\">Na madrugada deste domingo (15), Mois\u00e9s Palmeiras da Silva, de 30 anos, teve o corpo incendiado por desconhecidos em Parana\u00edba, cidade que fica a 407 quil\u00f4metros de Campo Grande. Ele \u00e9 apontado como autor de ao menos 12 furtos no munic\u00edpio e tem mandado de pris\u00e3o em aberto pelos crimes.<\/p>\n<p style=\"text-align: justify;\">Conforme o boletim de ocorr\u00eancia, nesta madrugada Corpo de Bombeiros e Pol\u00edcia Militar foram acionados para irem at\u00e9 a &#8216;rotat\u00f3ria da Portelinha&#8217;, onde estava o homem em chamas. Ele teve 50% do corpo queimado, conforme a pol\u00edcia, e o ato teria sido criminoso. Desconhecidos teriam jogado gasolina e ent\u00e3o ateado fogo em Mois\u00e9s.<\/p>\n<p style=\"text-align: justify;\">Autor ou autores do crime n\u00e3o foram identificados e o caso \u00e9 tratado como les\u00e3o corporal dolosa, quando h\u00e1 inten\u00e7\u00e3o. A suspeita \u00e9 que o crime tenha liga\u00e7\u00e3o com o fato de Mois\u00e9s ser apontado como autor de uma s\u00e9rie de furtos recentes no munic\u00edpio, crimes pelos quais era procurado.<\/p>\n<h4 style=\"text-align: justify;\"><strong>&#8216;Man\u00edaco do blindex&#8217;<\/strong><\/h4>\n<p style=\"text-align: justify;\">Conforme a pol\u00edcia, Mois\u00e9s havia cometido ao menos 12 furtos a lojas de Parana\u00edba. Em todos os crimes ele quebrou os vidros das lojas, blindex. Ele era procurado e chegou a ser detido no dia 10, mas como n\u00e3o configurou flagrante e n\u00e3o havia mandado de pris\u00e3o contra ele, foi solto. No dia 12 ele voltou a furtar, segundo a pol\u00edcia.<\/p>\n<p style=\"text-align: justify;\">Com mandado de pris\u00e3o expedido, Mois\u00e9s deve ser encaminhado para o pres\u00eddio assim que sair do hospital. Ele est\u00e1 na Santa Casa de Parana\u00edba sob escolta e n\u00e3o h\u00e1 novidades sobre o estado de sa\u00fade<\/p>\n<p style=\"text-align: justify;\">Jornal tribuna livre<\/p>\n","protected":false},"excerpt":{"rendered":"<p>Na madrugada deste domingo (15), Mois\u00e9s Palmeiras da Silva, de 30 anos, teve o corpo incendiado por desconhecidos em Parana\u00edba, cidade que fica a 407 quil\u00f4metros de Campo Grande. Ele \u00e9 apontado como autor de ao menos 12 furtos no munic\u00edpio e tem mandado de pris\u00e3o em aberto pelos crimes. Conforme o boletim de ocorr\u00eancia, [&hellip;]<\/p>\n","protected":false},"author":4,"featured_media":27663,"comment_status":"closed","ping_status":"closed","sticky":false,"template":"","format":"standard","meta":{"footnotes":""},"categories":[38],"tags":[],"class_list":["post-27662","post","type-post","status-publish","format-standard","has-post-thumbnail","hentry","category-policia"],"_links":{"self":[{"href":"https:\/\/www.ocorreionews.com.br\/acervo-correio\/index.php?rest_route=\/wp\/v2\/posts\/27662","targetHints":{"allow":["GET"]}}],"collection":[{"href":"https:\/\/www.ocorreionews.com.br\/acervo-correio\/index.php?rest_route=\/wp\/v2\/posts"}],"about":[{"href":"https:\/\/www.ocorreionews.com.br\/acervo-correio\/index.php?rest_route=\/wp\/v2\/types\/post"}],"author":[{"embeddable":true,"href":"https:\/\/www.ocorreionews.com.br\/acervo-correio\/index.php?rest_route=\/wp\/v2\/users\/4"}],"replies":[{"embeddable":true,"href":"https:\/\/www.ocorreionews.com.br\/acervo-correio\/index.php?rest_route=%2Fwp%2Fv2%2Fcomments&post=27662"}],"version-history":[{"count":0,"href":"https:\/\/www.ocorreionews.com.br\/acervo-correio\/index.php?rest_route=\/wp\/v2\/posts\/27662\/revisions"}],"wp:featuredmedia":[{"embeddable":true,"href":"https:\/\/www.ocorreionews.com.br\/acervo-correio\/index.php?rest_route=\/wp\/v2\/media\/27663"}],"wp:attachment":[{"href":"https:\/\/www.ocorreionews.com.br\/acervo-correio\/index.php?rest_route=%2Fwp%2Fv2%2Fmedia&parent=27662"}],"wp:term":[{"taxonomy":"category","embeddable":true,"href":"https:\/\/www.ocorreionews.com.br\/acervo-correio\/index.php?rest_route=%2Fwp%2Fv2%2Fcategories&post=27662"},{"taxonomy":"post_tag","embeddable":true,"href":"https:\/\/www.ocorreionews.com.br\/acervo-correio\/index.php?rest_route=%2Fwp%2Fv2%2Ftags&post=27662"}],"curies":[{"name":"wp","href":"https:\/\/api.w.org\/{rel}","templated":true}]}}