{"id":2769,"date":"2015-06-02T13:20:55","date_gmt":"2015-06-02T17:20:55","guid":{"rendered":"https:\/\/ocorreionews.com.br\/?p=2769"},"modified":"2015-06-02T14:12:28","modified_gmt":"2015-06-02T18:12:28","slug":"lider-do-prefeito-pede-auditoria-minuciosa-nas-secretarias-na-prefeitura-municipal","status":"publish","type":"post","link":"https:\/\/www.ocorreionews.com.br\/acervo-correio\/?p=2769","title":{"rendered":"Lider do prefeito pede  auditoria minuciosa, nas Secretarias na Prefeitura Municipal"},"content":{"rendered":"<p style=\"text-align: justify;\">O Vereador Ilton solicitou ao Presidente do Tribunal de Contas Sr. Waldir Neves, uma auditoria interna minuciosa, nas Secretarias na Prefeitura Municipal, a fim de verificar a lisura e efici\u00eancia dos tr\u00e2mites procedimentais da Administra\u00e7\u00e3o P\u00fablica Municipal de Chapad\u00e3o do Sul.<\/p>\n<p style=\"text-align: justify;\">Justificou o Vereador que a atitude \u00e9 em virtude das in\u00fameras indaga\u00e7\u00f5es realizadas pelos mun\u00edcipes sobre a lisura dos atos administrativos celebrados pelo Chefe do Executivo e diante da aus\u00eancia de conhecimento t\u00e9cnico especializado sobre a mat\u00e9ria.<\/p>\n<p style=\"text-align: justify;\">Salientando ainda que o Tribunal de Contas \u00e9 um \u00f3rg\u00e3o auxiliar do Poder Legislativo Municipal \u00e9 que por esse motivo apresenta a propositura, para an\u00e1lise minuciosa dos atos da Administra\u00e7\u00e3o P\u00fablica Municipal.<\/p>\n<p style=\"text-align: justify;\">\n<p><iframe loading=\"lazy\" width=\"1170\" height=\"658\" src=\"https:\/\/www.youtube.com\/embed\/ka1-7TS5z1I?feature=oembed\" frameborder=\"0\" allow=\"autoplay; encrypted-media\" allowfullscreen><\/iframe><\/p>\n<p>&nbsp;<\/p>\n","protected":false},"excerpt":{"rendered":"<p>O Vereador Ilton solicitou ao Presidente do Tribunal de Contas Sr. Waldir Neves, uma auditoria interna minuciosa, nas Secretarias na Prefeitura Municipal, a fim de verificar a lisura e efici\u00eancia dos tr\u00e2mites procedimentais da Administra\u00e7\u00e3o P\u00fablica Municipal de Chapad\u00e3o do Sul. Justificou o Vereador que a atitude \u00e9 em virtude das in\u00fameras indaga\u00e7\u00f5es realizadas pelos [&hellip;]<\/p>\n","protected":false},"author":4,"featured_media":1881,"comment_status":"closed","ping_status":"closed","sticky":false,"template":"","format":"standard","meta":{"footnotes":""},"categories":[20],"tags":[],"class_list":["post-2769","post","type-post","status-publish","format-standard","has-post-thumbnail","hentry","category-camara-municipal"],"_links":{"self":[{"href":"https:\/\/www.ocorreionews.com.br\/acervo-correio\/index.php?rest_route=\/wp\/v2\/posts\/2769","targetHints":{"allow":["GET"]}}],"collection":[{"href":"https:\/\/www.ocorreionews.com.br\/acervo-correio\/index.php?rest_route=\/wp\/v2\/posts"}],"about":[{"href":"https:\/\/www.ocorreionews.com.br\/acervo-correio\/index.php?rest_route=\/wp\/v2\/types\/post"}],"author":[{"embeddable":true,"href":"https:\/\/www.ocorreionews.com.br\/acervo-correio\/index.php?rest_route=\/wp\/v2\/users\/4"}],"replies":[{"embeddable":true,"href":"https:\/\/www.ocorreionews.com.br\/acervo-correio\/index.php?rest_route=%2Fwp%2Fv2%2Fcomments&post=2769"}],"version-history":[{"count":0,"href":"https:\/\/www.ocorreionews.com.br\/acervo-correio\/index.php?rest_route=\/wp\/v2\/posts\/2769\/revisions"}],"wp:featuredmedia":[{"embeddable":true,"href":"https:\/\/www.ocorreionews.com.br\/acervo-correio\/index.php?rest_route=\/wp\/v2\/media\/1881"}],"wp:attachment":[{"href":"https:\/\/www.ocorreionews.com.br\/acervo-correio\/index.php?rest_route=%2Fwp%2Fv2%2Fmedia&parent=2769"}],"wp:term":[{"taxonomy":"category","embeddable":true,"href":"https:\/\/www.ocorreionews.com.br\/acervo-correio\/index.php?rest_route=%2Fwp%2Fv2%2Fcategories&post=2769"},{"taxonomy":"post_tag","embeddable":true,"href":"https:\/\/www.ocorreionews.com.br\/acervo-correio\/index.php?rest_route=%2Fwp%2Fv2%2Ftags&post=2769"}],"curies":[{"name":"wp","href":"https:\/\/api.w.org\/{rel}","templated":true}]}}