{"id":27713,"date":"2016-05-16T15:57:46","date_gmt":"2016-05-16T19:57:46","guid":{"rendered":"https:\/\/ocorreionews.com.br\/?p=27713"},"modified":"2016-05-16T19:44:09","modified_gmt":"2016-05-16T23:44:09","slug":"vereador-elton-silva-afirma-que-ja-fez-indicacao-sobre-o-problema-do-aeroporto","status":"publish","type":"post","link":"https:\/\/www.ocorreionews.com.br\/acervo-correio\/?p=27713","title":{"rendered":"Vereador Elton Silva afirma que j\u00e1 fez indica\u00e7\u00e3o sobre o problema do aer\u00f3dromo"},"content":{"rendered":"<p style=\"text-align: justify;\">a nossa reportagem entrou em contato com o\u00a0 vereador Elton Silva,\u00a0 para falar sobre o problema do aeroporto municipal. O vereador disse, que no in\u00edcio desse ano, fez uma visita ao local e constatou o problema. Diante dos fatos, fez uma indica\u00e7\u00e3o ao prefeito municipal, Dr. Felipe, pedindo providencias para a ilumina\u00e7\u00e3o da pista, mas que n\u00e3o foi atendida pelo prefeito.<\/p>\n<p style=\"text-align: justify;\">Revoltado com a situa\u00e7\u00e3o, o vereador afirmou a nossa reportagem, que lamenta muito o ocorrido e que se sente envergonhado da situa\u00e7\u00e3o em que o prefeito transformou a cidade.<\/p>\n<p style=\"text-align: justify;\">Elton Silva afirmou, que vai procurar todos os vereadores, para que juntos possam encontrar uma solu\u00e7\u00e3o para resolver a quest\u00e3o do aeroporto.<\/p>\n<p style=\"text-align: justify;\">ocorreionews<\/p>\n<p style=\"text-align: justify;\">\n","protected":false},"excerpt":{"rendered":"<p>a nossa reportagem entrou em contato com o\u00a0 vereador Elton Silva,\u00a0 para falar sobre o problema do aeroporto municipal. O vereador disse, que no in\u00edcio desse ano, fez uma visita ao local e constatou o problema. Diante dos fatos, fez uma indica\u00e7\u00e3o ao prefeito municipal, Dr. Felipe, pedindo providencias para a ilumina\u00e7\u00e3o da pista, mas [&hellip;]<\/p>\n","protected":false},"author":4,"featured_media":27714,"comment_status":"closed","ping_status":"closed","sticky":false,"template":"","format":"standard","meta":{"footnotes":""},"categories":[23],"tags":[],"class_list":["post-27713","post","type-post","status-publish","format-standard","has-post-thumbnail","hentry","category-chapadao-do-sul"],"_links":{"self":[{"href":"https:\/\/www.ocorreionews.com.br\/acervo-correio\/index.php?rest_route=\/wp\/v2\/posts\/27713","targetHints":{"allow":["GET"]}}],"collection":[{"href":"https:\/\/www.ocorreionews.com.br\/acervo-correio\/index.php?rest_route=\/wp\/v2\/posts"}],"about":[{"href":"https:\/\/www.ocorreionews.com.br\/acervo-correio\/index.php?rest_route=\/wp\/v2\/types\/post"}],"author":[{"embeddable":true,"href":"https:\/\/www.ocorreionews.com.br\/acervo-correio\/index.php?rest_route=\/wp\/v2\/users\/4"}],"replies":[{"embeddable":true,"href":"https:\/\/www.ocorreionews.com.br\/acervo-correio\/index.php?rest_route=%2Fwp%2Fv2%2Fcomments&post=27713"}],"version-history":[{"count":0,"href":"https:\/\/www.ocorreionews.com.br\/acervo-correio\/index.php?rest_route=\/wp\/v2\/posts\/27713\/revisions"}],"wp:featuredmedia":[{"embeddable":true,"href":"https:\/\/www.ocorreionews.com.br\/acervo-correio\/index.php?rest_route=\/wp\/v2\/media\/27714"}],"wp:attachment":[{"href":"https:\/\/www.ocorreionews.com.br\/acervo-correio\/index.php?rest_route=%2Fwp%2Fv2%2Fmedia&parent=27713"}],"wp:term":[{"taxonomy":"category","embeddable":true,"href":"https:\/\/www.ocorreionews.com.br\/acervo-correio\/index.php?rest_route=%2Fwp%2Fv2%2Fcategories&post=27713"},{"taxonomy":"post_tag","embeddable":true,"href":"https:\/\/www.ocorreionews.com.br\/acervo-correio\/index.php?rest_route=%2Fwp%2Fv2%2Ftags&post=27713"}],"curies":[{"name":"wp","href":"https:\/\/api.w.org\/{rel}","templated":true}]}}