{"id":27724,"date":"2016-05-17T07:19:35","date_gmt":"2016-05-17T11:19:35","guid":{"rendered":"https:\/\/ocorreionews.com.br\/?p=27724"},"modified":"2016-05-17T07:19:35","modified_gmt":"2016-05-17T11:19:35","slug":"coluna-do-percival-puggina-temer-ou-dilma-uma-opcao-etica","status":"publish","type":"post","link":"https:\/\/www.ocorreionews.com.br\/acervo-correio\/?p=27724","title":{"rendered":"Coluna do Percival Puggina &#8211; Temer ou Dilma? Uma op\u00e7\u00e3o \u00e9tica"},"content":{"rendered":"<p>Sempre em busca de alguma palavra de ordem com jeito de pedra para ser colocada no bodoque, ou de sofismas que pare\u00e7am argumentos para vencer discuss\u00f5es sem ter raz\u00e3o, a milit\u00e2ncia petista est\u00e1 usando as investiga\u00e7\u00f5es que cercam membros do governo Michel Temer para atacar os defensores do impeachment. \u00c9 como proclamar empate num jogo de 7 a 1.<\/p>\n<p>Alto l\u00e1! Temer errou ao escalar ministros sob investiga\u00e7\u00e3o? Claro que sim! Podemos nos dar por satisfeitos com a declara\u00e7\u00e3o formal de inoc\u00eancia que eles prestaram ao presidente em exerc\u00edcio? Obviamente n\u00e3o. O Pres\u00eddio Central tem um n\u00famero muito pequeno de r\u00e9us confessos. A grande maioria \u00e9 formada por bandidos que se dizem inocentes injusti\u00e7ados. N\u00e3o podemos, no entanto, incorrer na armadilha que a ret\u00f3rica petista, sempre ardilosa, pretende armar.<\/p>\n<p>Como afirmou recente editorial de O Estado de S\u00e3o Paulo, para o PT s\u00f3 o PT \u00e9 leg\u00edtimo. Do STF ao TCU, passando pelas duas casas do Congresso Nacional, tudo mais deixou de ser leg\u00edtimo quando seu governo perdeu a maioria. Boa parte, talvez a maior, da popula\u00e7\u00e3o que saiu \u00e0s ruas em favor do impeachment n\u00e3o votou na chapa Dilma e Temer. Essa chapa foi uma escolha petista. Entre 2010 e 2015, se n\u00e3o eram exatamente unha e carne, Dilma e Temer n\u00e3o eram \u00e1gua e azeite. Ambos, com seus partidos, PT e PMDB, somaram votos e esfor\u00e7os para terem e manterem o poder. Os 54 milh\u00f5es de eleitores que Dilma diz serem seus como moeda de cofrinho, somavam sufr\u00e1gios dos dois maiores partidos brasileiros \u00e0 \u00e9poca. Os votos estritamente pessoais dos personagens da chapa eram pouco significativos no pleito. Bastaria que o PMDB de um Estado de porte m\u00e9dio mudasse de lado na elei\u00e7\u00e3o de 2014 para que a dupla vencedora perdesse a elei\u00e7\u00e3o. Ao dizer que os 54 milh\u00f5es de votos lhe pertencem, Dilma: 1) volta a mentir; 2) pratica um furto eleitoral ret\u00f3rico contra o PMDB e contra Michel Temer; e 3) esquece que j\u00e1 perdeu quase todos esses votos.<\/p>\n<p>Retornando ao primeiro par\u00e1grafo. Entre os milh\u00f5es que se empenharam pelo impeachment nas ruas e pra\u00e7as do Brasil, muitos foram eleitores de Dilma e Temer e outros tantos, n\u00e3o. Os que sempre souberam onde tudo ia parar e os que ficaram sabendo no andar da carro\u00e7a uniram-se em torno da mesma causa. Ao cabo de 13 anos, o desastre sa\u00edra do horizonte previs\u00edvel e podia ser observado na soleira da porta. N\u00e3o havia m\u00faltiplas escolhas. Era Dilma ou Temer. Desalento consumado ou fio de esperan\u00e7a. Era respeitar a Constitui\u00e7\u00e3o com o correto processo de impeachment ou transformar o pa\u00eds numa casa de toler\u00e2ncia, terra sem lei de um povo invertebrado.<\/p>\n<p>A escolha entre Dilma e Temer, tornada poss\u00edvel no contexto da ordem jur\u00eddica, se enquadra num princ\u00edpio moral universal, enunciado por Arist\u00f3teles em \u00c9tica a Nic\u00f4maco: &#8220;O mal menor, em rela\u00e7\u00e3o a um mal maior, est\u00e1 situado na categoria de bem. Pois um mal menor \u00e9 prefer\u00edvel a um mal maior. E aquilo que \u00e9 prefer\u00edvel sempre \u00e9 um bem, e quanto o mais prefer\u00edvel este seja, maior bem \u00e9&#8221;. Escolher o bem, desnecess\u00e1rio diz\u00ea-lo, \u00e9 um dever moral. Escolher o mal ou rejeitar o bem por desapre\u00e7o ou interesse pr\u00f3prio \u00e9 boa parte do problema que acabou levando a presidente ao impeachment e muitos l\u00edderes pol\u00edticos \u00e0s barras dos tribunais. Que para l\u00e1 v\u00e3o todos quantos tenham feito por merecer.<\/p>\n<p>&nbsp;<\/p>\n<p>________________________________<br \/>\n<em>* Percival Puggina (71), membro da Academia Rio-Grandense de Letras, \u00e9 arquiteto, empres\u00e1rio e escritor e titular do site www.puggina.org, colunista de Zero Hora e de dezenas de jornais e sites no pa\u00eds. Autor de Cr\u00f4nicas contra o totalitarismo; Cuba, a trag\u00e9dia da utopia; Pombas e Gavi\u00f5es; A tomada do Brasil. integrante do grupo Pensar+.<\/em><\/p>\n","protected":false},"excerpt":{"rendered":"<p>Sempre em busca de alguma palavra de ordem com jeito de pedra para ser colocada no bodoque, ou de sofismas que pare\u00e7am argumentos para vencer discuss\u00f5es sem ter raz\u00e3o, a milit\u00e2ncia petista est\u00e1 usando as investiga\u00e7\u00f5es que cercam membros do governo Michel Temer para atacar os defensores do impeachment. \u00c9 como proclamar empate num jogo [&hellip;]<\/p>\n","protected":false},"author":4,"featured_media":25337,"comment_status":"closed","ping_status":"closed","sticky":false,"template":"","format":"standard","meta":{"footnotes":""},"categories":[38],"tags":[],"class_list":["post-27724","post","type-post","status-publish","format-standard","has-post-thumbnail","hentry","category-policia"],"_links":{"self":[{"href":"https:\/\/www.ocorreionews.com.br\/acervo-correio\/index.php?rest_route=\/wp\/v2\/posts\/27724","targetHints":{"allow":["GET"]}}],"collection":[{"href":"https:\/\/www.ocorreionews.com.br\/acervo-correio\/index.php?rest_route=\/wp\/v2\/posts"}],"about":[{"href":"https:\/\/www.ocorreionews.com.br\/acervo-correio\/index.php?rest_route=\/wp\/v2\/types\/post"}],"author":[{"embeddable":true,"href":"https:\/\/www.ocorreionews.com.br\/acervo-correio\/index.php?rest_route=\/wp\/v2\/users\/4"}],"replies":[{"embeddable":true,"href":"https:\/\/www.ocorreionews.com.br\/acervo-correio\/index.php?rest_route=%2Fwp%2Fv2%2Fcomments&post=27724"}],"version-history":[{"count":0,"href":"https:\/\/www.ocorreionews.com.br\/acervo-correio\/index.php?rest_route=\/wp\/v2\/posts\/27724\/revisions"}],"wp:featuredmedia":[{"embeddable":true,"href":"https:\/\/www.ocorreionews.com.br\/acervo-correio\/index.php?rest_route=\/wp\/v2\/media\/25337"}],"wp:attachment":[{"href":"https:\/\/www.ocorreionews.com.br\/acervo-correio\/index.php?rest_route=%2Fwp%2Fv2%2Fmedia&parent=27724"}],"wp:term":[{"taxonomy":"category","embeddable":true,"href":"https:\/\/www.ocorreionews.com.br\/acervo-correio\/index.php?rest_route=%2Fwp%2Fv2%2Fcategories&post=27724"},{"taxonomy":"post_tag","embeddable":true,"href":"https:\/\/www.ocorreionews.com.br\/acervo-correio\/index.php?rest_route=%2Fwp%2Fv2%2Ftags&post=27724"}],"curies":[{"name":"wp","href":"https:\/\/api.w.org\/{rel}","templated":true}]}}