{"id":27730,"date":"2016-05-17T08:04:41","date_gmt":"2016-05-17T12:04:41","guid":{"rendered":"https:\/\/ocorreionews.com.br\/?p=27730"},"modified":"2016-05-17T08:04:41","modified_gmt":"2016-05-17T12:04:41","slug":"tradicao-da-festa-do-divino-espirito-santo-e-mantida-em-figueirao","status":"publish","type":"post","link":"https:\/\/www.ocorreionews.com.br\/acervo-correio\/?p=27730","title":{"rendered":"Tradi\u00e7\u00e3o da Festa do Divino Esp\u00edrito Santo \u00e9 mantida em Figueir\u00e3o"},"content":{"rendered":"<p>A j\u00e1 tradicional festa em louvor ao Divino Esp\u00edrito Santo na comunidade de Santa Tereza, em Figueir\u00e3o, aconteceu neste fim de semana. Esta \u00e9 a 107\u00aa edi\u00e7\u00e3o da comemora\u00e7\u00e3o.<\/p>\n<p>A comunidade se localiza na Comunidade Quilombola de Santa Teresa no munic\u00edpio de Figueir\u00e3o, reduto da Fam\u00edlia Malaquias, que realizou a primeira edi\u00e7\u00e3o da festa, no ano de 1909.<\/p>\n<p>A comemora\u00e7\u00e3o segue o calend\u00e1rio Pentecostal e, neste ano, teve seu in\u00edcio no dia 30 de abril, com a festa da sa\u00edda da bandeira. Na ocasi\u00e3o, os foli\u00f5es viajaram durante 15 dias \u00e0 cavalo, visitando as propriedades rurais da regi\u00e3o.<\/p>\n<p>No s\u00e1bado (14) ocorreu a chegada da bandeira momento o qual os cavaleiros chegam cantando na igreja local. Muitas pessoas aproveitam a ocasi\u00e3o para cumprir promessas. Ap\u00f3s, ocorre a celebra\u00e7\u00e3o da Santa Missa com c\u00e2nticos, ladainhas e tradicional ter\u00e7o, finalizando com jantar baile gratuito para a comunidade.<\/p>\n<p>Para o prefeito de Figueir\u00e3o, Rog\u00e9rio Rosalin, a festa centen\u00e1ria j\u00e1 faz parte do cen\u00e1rio cultural do munic\u00edpio e ajuda no crescimento do local. \u201cA Festa do Divino Espirito Santo \u00e9 uma tradi\u00e7\u00e3o de grande import\u00e2ncia para o nosso munic\u00edpio pois \u00e9 uma comemora\u00e7\u00e3o q j\u00e1 tem h\u00e1 mais de 100 anos, recebemos mais de duas mil pessoas que vem visitar Figueir\u00e3o e conhecer a nossa regi\u00e3o. Apesar de toda crise, que vivemos nessa atualidade a festa foi um sucesso absoluto, os organizadores, juntamente com o nosso p\u00e1roco Padre Jo\u00e3o Alves, est\u00e3o de parab\u00e9ns\u201d comemorou o prefeito.<\/p>\n<p>Confira abaixo algumas fotos do evento &#8211;\u00a0Fotos: Bulh\u00f5es Digital e Denilson Rodrigues<\/p>\n<p><a href=\"https:\/\/ocorreionews.com.br\/wp-content\/uploads\/2016\/05\/festa-divin.2.jpg\"><img loading=\"lazy\" decoding=\"async\" class=\"alignnone size-medium wp-image-27731\" src=\"https:\/\/ocorreionews.com.br\/wp-content\/uploads\/2016\/05\/festa-divin.2-300x199.jpg\" alt=\"festa divin.2\" width=\"300\" height=\"199\" srcset=\"https:\/\/www.ocorreionews.com.br\/acervo-correio\/wp-content\/uploads\/2016\/05\/festa-divin.2-300x199.jpg 300w, https:\/\/www.ocorreionews.com.br\/acervo-correio\/wp-content\/uploads\/2016\/05\/festa-divin.2-768x510.jpg 768w, https:\/\/www.ocorreionews.com.br\/acervo-correio\/wp-content\/uploads\/2016\/05\/festa-divin.2.jpg 800w\" sizes=\"auto, (max-width: 300px) 100vw, 300px\" \/><\/a> <a href=\"https:\/\/ocorreionews.com.br\/wp-content\/uploads\/2016\/05\/festa-divin.jpg\"><img loading=\"lazy\" decoding=\"async\" class=\"alignnone size-medium wp-image-27732\" src=\"https:\/\/ocorreionews.com.br\/wp-content\/uploads\/2016\/05\/festa-divin-300x200.jpg\" alt=\"festa divin\" width=\"300\" height=\"200\" srcset=\"https:\/\/www.ocorreionews.com.br\/acervo-correio\/wp-content\/uploads\/2016\/05\/festa-divin-300x200.jpg 300w, https:\/\/www.ocorreionews.com.br\/acervo-correio\/wp-content\/uploads\/2016\/05\/festa-divin-768x512.jpg 768w, https:\/\/www.ocorreionews.com.br\/acervo-correio\/wp-content\/uploads\/2016\/05\/festa-divin.jpg 800w\" sizes=\"auto, (max-width: 300px) 100vw, 300px\" \/><\/a> <a href=\"https:\/\/ocorreionews.com.br\/wp-content\/uploads\/2016\/05\/festa-divin4.jpg\"><img loading=\"lazy\" decoding=\"async\" class=\"alignnone size-medium wp-image-27734\" src=\"https:\/\/ocorreionews.com.br\/wp-content\/uploads\/2016\/05\/festa-divin4-300x200.jpg\" alt=\"festa divin4\" width=\"300\" height=\"200\" srcset=\"https:\/\/www.ocorreionews.com.br\/acervo-correio\/wp-content\/uploads\/2016\/05\/festa-divin4-300x200.jpg 300w, https:\/\/www.ocorreionews.com.br\/acervo-correio\/wp-content\/uploads\/2016\/05\/festa-divin4-768x512.jpg 768w, https:\/\/www.ocorreionews.com.br\/acervo-correio\/wp-content\/uploads\/2016\/05\/festa-divin4.jpg 800w\" sizes=\"auto, (max-width: 300px) 100vw, 300px\" \/><\/a> <a href=\"https:\/\/ocorreionews.com.br\/wp-content\/uploads\/2016\/05\/festa-divin5.jpg\"><img loading=\"lazy\" decoding=\"async\" class=\"alignnone size-medium wp-image-27735\" src=\"https:\/\/ocorreionews.com.br\/wp-content\/uploads\/2016\/05\/festa-divin5-300x199.jpg\" alt=\"festa divin5\" width=\"300\" height=\"199\" srcset=\"https:\/\/www.ocorreionews.com.br\/acervo-correio\/wp-content\/uploads\/2016\/05\/festa-divin5-300x199.jpg 300w, https:\/\/www.ocorreionews.com.br\/acervo-correio\/wp-content\/uploads\/2016\/05\/festa-divin5-768x510.jpg 768w, https:\/\/www.ocorreionews.com.br\/acervo-correio\/wp-content\/uploads\/2016\/05\/festa-divin5.jpg 800w\" sizes=\"auto, (max-width: 300px) 100vw, 300px\" \/><\/a> <a href=\"https:\/\/ocorreionews.com.br\/wp-content\/uploads\/2016\/05\/festa-divin6.jpg\"><img loading=\"lazy\" decoding=\"async\" class=\"alignnone size-medium wp-image-27736\" src=\"https:\/\/ocorreionews.com.br\/wp-content\/uploads\/2016\/05\/festa-divin6-300x199.jpg\" alt=\"festa divin6\" width=\"300\" height=\"199\" srcset=\"https:\/\/www.ocorreionews.com.br\/acervo-correio\/wp-content\/uploads\/2016\/05\/festa-divin6-300x199.jpg 300w, https:\/\/www.ocorreionews.com.br\/acervo-correio\/wp-content\/uploads\/2016\/05\/festa-divin6-768x510.jpg 768w, https:\/\/www.ocorreionews.com.br\/acervo-correio\/wp-content\/uploads\/2016\/05\/festa-divin6.jpg 800w\" sizes=\"auto, (max-width: 300px) 100vw, 300px\" \/><\/a> <a href=\"https:\/\/ocorreionews.com.br\/wp-content\/uploads\/2016\/05\/festa-divin7.jpg\"><img loading=\"lazy\" decoding=\"async\" class=\"alignnone size-medium wp-image-27737\" src=\"https:\/\/ocorreionews.com.br\/wp-content\/uploads\/2016\/05\/festa-divin7-300x199.jpg\" alt=\"festa divin7\" width=\"300\" height=\"199\" srcset=\"https:\/\/www.ocorreionews.com.br\/acervo-correio\/wp-content\/uploads\/2016\/05\/festa-divin7-300x199.jpg 300w, https:\/\/www.ocorreionews.com.br\/acervo-correio\/wp-content\/uploads\/2016\/05\/festa-divin7-768x510.jpg 768w, https:\/\/www.ocorreionews.com.br\/acervo-correio\/wp-content\/uploads\/2016\/05\/festa-divin7.jpg 800w\" sizes=\"auto, (max-width: 300px) 100vw, 300px\" \/><\/a><\/p>\n","protected":false},"excerpt":{"rendered":"<p>A j\u00e1 tradicional festa em louvor ao Divino Esp\u00edrito Santo na comunidade de Santa Tereza, em Figueir\u00e3o, aconteceu neste fim de semana. Esta \u00e9 a 107\u00aa edi\u00e7\u00e3o da comemora\u00e7\u00e3o. A comunidade se localiza na Comunidade Quilombola de Santa Teresa no munic\u00edpio de Figueir\u00e3o, reduto da Fam\u00edlia Malaquias, que realizou a primeira edi\u00e7\u00e3o da festa, no [&hellip;]<\/p>\n","protected":false},"author":4,"featured_media":27733,"comment_status":"closed","ping_status":"closed","sticky":false,"template":"","format":"standard","meta":{"footnotes":""},"categories":[30],"tags":[],"class_list":["post-27730","post","type-post","status-publish","format-standard","has-post-thumbnail","hentry","category-figueirao"],"_links":{"self":[{"href":"https:\/\/www.ocorreionews.com.br\/acervo-correio\/index.php?rest_route=\/wp\/v2\/posts\/27730","targetHints":{"allow":["GET"]}}],"collection":[{"href":"https:\/\/www.ocorreionews.com.br\/acervo-correio\/index.php?rest_route=\/wp\/v2\/posts"}],"about":[{"href":"https:\/\/www.ocorreionews.com.br\/acervo-correio\/index.php?rest_route=\/wp\/v2\/types\/post"}],"author":[{"embeddable":true,"href":"https:\/\/www.ocorreionews.com.br\/acervo-correio\/index.php?rest_route=\/wp\/v2\/users\/4"}],"replies":[{"embeddable":true,"href":"https:\/\/www.ocorreionews.com.br\/acervo-correio\/index.php?rest_route=%2Fwp%2Fv2%2Fcomments&post=27730"}],"version-history":[{"count":0,"href":"https:\/\/www.ocorreionews.com.br\/acervo-correio\/index.php?rest_route=\/wp\/v2\/posts\/27730\/revisions"}],"wp:featuredmedia":[{"embeddable":true,"href":"https:\/\/www.ocorreionews.com.br\/acervo-correio\/index.php?rest_route=\/wp\/v2\/media\/27733"}],"wp:attachment":[{"href":"https:\/\/www.ocorreionews.com.br\/acervo-correio\/index.php?rest_route=%2Fwp%2Fv2%2Fmedia&parent=27730"}],"wp:term":[{"taxonomy":"category","embeddable":true,"href":"https:\/\/www.ocorreionews.com.br\/acervo-correio\/index.php?rest_route=%2Fwp%2Fv2%2Fcategories&post=27730"},{"taxonomy":"post_tag","embeddable":true,"href":"https:\/\/www.ocorreionews.com.br\/acervo-correio\/index.php?rest_route=%2Fwp%2Fv2%2Ftags&post=27730"}],"curies":[{"name":"wp","href":"https:\/\/api.w.org\/{rel}","templated":true}]}}