{"id":27739,"date":"2016-05-17T07:05:46","date_gmt":"2016-05-17T11:05:46","guid":{"rendered":"https:\/\/ocorreionews.com.br\/?p=27739"},"modified":"2016-05-17T08:28:35","modified_gmt":"2016-05-17T12:28:35","slug":"suspeitos-de-explodirem-caixa-eletronico-em-mineiros-sao-mortos-em-gouvelandia-pela-pm","status":"publish","type":"post","link":"https:\/\/www.ocorreionews.com.br\/acervo-correio\/?p=27739","title":{"rendered":"Suspeitos de explodirem caixa eletr\u00f4nico em Mineiros s\u00e3o mortos em Gouvel\u00e2ndia pela PM"},"content":{"rendered":"<p>Dois suspeitos de integrarem uma quadrilha que assalta caixas eletr\u00f4nicos morreram em uma troca de tiros com a Pol\u00edcia Militar em Gouvel\u00e2ndia, a 317 quil\u00f4metros de Goi\u00e2nia, na madrugada desta ter\u00e7a-feira (17).<\/p>\n<p>Segundo a assessoria de comunica\u00e7\u00e3o da Pol\u00edcia Militar (PM), as equipes de intelig\u00eancia da corpora\u00e7\u00e3o e da Pol\u00edcia Civil monitoravam a\u00e7\u00f5es da quadrilha que agia na regi\u00e3o sul e sudoeste do Estado.<\/p>\n<p>De acordo com a pol\u00edcia, as equipes do Grupo de R\u00e1diopatrulha A\u00e9rea (Graer) entraram em confronto com assaltantes de caixas eletr\u00f4nicos que explodiram o Banco do Brasil da cidade.<\/p>\n<p>Ainda de acordo com a assessoria da PM, durante a a\u00e7\u00e3o uma pistola e uma escopeta calibre 12 foram apreendidas. O armamento foi encontrado pela pol\u00edcia em poder de dois integrantes da quadrilha. A PM considera que a a\u00e7\u00e3o foi do novo canga\u00e7o e as dilig\u00eancias continuam na regi\u00e3o.<\/p>\n<p>De acordo com informa\u00e7\u00f5es repassadas pelo Major Carlos Ailton, a dupla tamb\u00e9m \u00e9 suspeita de explodir o caixa eletr\u00f4nico do Banco do Brasil em Mineiros (GO).<\/p>\n<p>vale verde<\/p>\n","protected":false},"excerpt":{"rendered":"<p>Dois suspeitos de integrarem uma quadrilha que assalta caixas eletr\u00f4nicos morreram em uma troca de tiros com a Pol\u00edcia Militar em Gouvel\u00e2ndia, a 317 quil\u00f4metros de Goi\u00e2nia, na madrugada desta ter\u00e7a-feira (17). Segundo a assessoria de comunica\u00e7\u00e3o da Pol\u00edcia Militar (PM), as equipes de intelig\u00eancia da corpora\u00e7\u00e3o e da Pol\u00edcia Civil monitoravam a\u00e7\u00f5es da quadrilha [&hellip;]<\/p>\n","protected":false},"author":4,"featured_media":27740,"comment_status":"closed","ping_status":"closed","sticky":false,"template":"","format":"standard","meta":{"footnotes":""},"categories":[38],"tags":[],"class_list":["post-27739","post","type-post","status-publish","format-standard","has-post-thumbnail","hentry","category-policia"],"_links":{"self":[{"href":"https:\/\/www.ocorreionews.com.br\/acervo-correio\/index.php?rest_route=\/wp\/v2\/posts\/27739","targetHints":{"allow":["GET"]}}],"collection":[{"href":"https:\/\/www.ocorreionews.com.br\/acervo-correio\/index.php?rest_route=\/wp\/v2\/posts"}],"about":[{"href":"https:\/\/www.ocorreionews.com.br\/acervo-correio\/index.php?rest_route=\/wp\/v2\/types\/post"}],"author":[{"embeddable":true,"href":"https:\/\/www.ocorreionews.com.br\/acervo-correio\/index.php?rest_route=\/wp\/v2\/users\/4"}],"replies":[{"embeddable":true,"href":"https:\/\/www.ocorreionews.com.br\/acervo-correio\/index.php?rest_route=%2Fwp%2Fv2%2Fcomments&post=27739"}],"version-history":[{"count":0,"href":"https:\/\/www.ocorreionews.com.br\/acervo-correio\/index.php?rest_route=\/wp\/v2\/posts\/27739\/revisions"}],"wp:featuredmedia":[{"embeddable":true,"href":"https:\/\/www.ocorreionews.com.br\/acervo-correio\/index.php?rest_route=\/wp\/v2\/media\/27740"}],"wp:attachment":[{"href":"https:\/\/www.ocorreionews.com.br\/acervo-correio\/index.php?rest_route=%2Fwp%2Fv2%2Fmedia&parent=27739"}],"wp:term":[{"taxonomy":"category","embeddable":true,"href":"https:\/\/www.ocorreionews.com.br\/acervo-correio\/index.php?rest_route=%2Fwp%2Fv2%2Fcategories&post=27739"},{"taxonomy":"post_tag","embeddable":true,"href":"https:\/\/www.ocorreionews.com.br\/acervo-correio\/index.php?rest_route=%2Fwp%2Fv2%2Ftags&post=27739"}],"curies":[{"name":"wp","href":"https:\/\/api.w.org\/{rel}","templated":true}]}}