{"id":27747,"date":"2016-05-17T09:23:14","date_gmt":"2016-05-17T13:23:14","guid":{"rendered":"https:\/\/ocorreionews.com.br\/?p=27747"},"modified":"2016-05-17T09:23:14","modified_gmt":"2016-05-17T13:23:14","slug":"carreta-carregada-com-papelao-tomba-em-cima-da-rodovia-na-br-060","status":"publish","type":"post","link":"https:\/\/www.ocorreionews.com.br\/acervo-correio\/?p=27747","title":{"rendered":"Carreta carregada com papel\u00e3o tomba em cima da rodovia na BR 060"},"content":{"rendered":"<p>&nbsp;<\/p>\n<div>\n<p>Uma carreta carregada com papel\u00e3o tombou na rodovia BR 060, pr\u00f3ximo \u00e0 fazenda Indai\u00e1, no munic\u00edpio de Para\u00edso das \u00c1guas (MS). O acidente aconteceu nesta segunda-feira (16), por volta das 16h, quando o condutor da carreta Volkswagen Worker 18.310, de cor branca, J.B.F.C, 61 anos, perdeu o controle da dire\u00e7\u00e3o ao tentar desviar de um ve\u00edculo que seguia sentido contr\u00e1rio e que teria vindo em sua dire\u00e7\u00e3o.<\/p>\n<p>A carreta ent\u00e3o tombou em cima da rodovia, ocupando toda a pista, que s\u00f3 foi liberada por volta das 19h, com a chegada da Pol\u00edcia Rodovi\u00e1ria Federal &#8211; PRF. O condutor da carreta n\u00e3o sofreu nenhum ferimento.<\/p>\n<p>J.B.F.C informou que seguia da cidade de Rio Verde (GO) para Campo Grande (MS), onde descarregaria a carga de papel\u00e3o. A carga era segurada, j\u00e1 o ve\u00edculo n\u00e3o.<\/p>\n<p>As policiais militar e civil esteve no local auxiliando no tr\u00e1fego de ve\u00edculo, j\u00e1 que a carreta bloqueou o acesso nos dois sentidos.<\/p>\n<\/div>\n<div><img loading=\"lazy\" decoding=\"async\" class=\"alignnone\" src=\"http:\/\/i.imgur.com\/zDxUJYR.jpg\" width=\"627\" height=\"377\" \/><\/div>\n<div><img loading=\"lazy\" decoding=\"async\" class=\"\" src=\"http:\/\/i.imgur.com\/UXa2HeA.jpg\" width=\"627\" height=\"377\" \/><\/div>\n<div><img loading=\"lazy\" decoding=\"async\" class=\"\" src=\"http:\/\/i.imgur.com\/6M66XWE.jpg\" width=\"627\" height=\"375\" \/><\/div>\n<div><\/div>\n<div><\/div>\n<div><\/div>\n<div>Brito News<\/div>\n","protected":false},"excerpt":{"rendered":"<p>&nbsp; Uma carreta carregada com papel\u00e3o tombou na rodovia BR 060, pr\u00f3ximo \u00e0 fazenda Indai\u00e1, no munic\u00edpio de Para\u00edso das \u00c1guas (MS). O acidente aconteceu nesta segunda-feira (16), por volta das 16h, quando o condutor da carreta Volkswagen Worker 18.310, de cor branca, J.B.F.C, 61 anos, perdeu o controle da dire\u00e7\u00e3o ao tentar desviar de [&hellip;]<\/p>\n","protected":false},"author":4,"featured_media":27748,"comment_status":"closed","ping_status":"closed","sticky":false,"template":"","format":"standard","meta":{"footnotes":""},"categories":[36,38],"tags":[],"class_list":["post-27747","post","type-post","status-publish","format-standard","has-post-thumbnail","hentry","category-paraiso-das-aguas","category-policia"],"_links":{"self":[{"href":"https:\/\/www.ocorreionews.com.br\/acervo-correio\/index.php?rest_route=\/wp\/v2\/posts\/27747","targetHints":{"allow":["GET"]}}],"collection":[{"href":"https:\/\/www.ocorreionews.com.br\/acervo-correio\/index.php?rest_route=\/wp\/v2\/posts"}],"about":[{"href":"https:\/\/www.ocorreionews.com.br\/acervo-correio\/index.php?rest_route=\/wp\/v2\/types\/post"}],"author":[{"embeddable":true,"href":"https:\/\/www.ocorreionews.com.br\/acervo-correio\/index.php?rest_route=\/wp\/v2\/users\/4"}],"replies":[{"embeddable":true,"href":"https:\/\/www.ocorreionews.com.br\/acervo-correio\/index.php?rest_route=%2Fwp%2Fv2%2Fcomments&post=27747"}],"version-history":[{"count":0,"href":"https:\/\/www.ocorreionews.com.br\/acervo-correio\/index.php?rest_route=\/wp\/v2\/posts\/27747\/revisions"}],"wp:featuredmedia":[{"embeddable":true,"href":"https:\/\/www.ocorreionews.com.br\/acervo-correio\/index.php?rest_route=\/wp\/v2\/media\/27748"}],"wp:attachment":[{"href":"https:\/\/www.ocorreionews.com.br\/acervo-correio\/index.php?rest_route=%2Fwp%2Fv2%2Fmedia&parent=27747"}],"wp:term":[{"taxonomy":"category","embeddable":true,"href":"https:\/\/www.ocorreionews.com.br\/acervo-correio\/index.php?rest_route=%2Fwp%2Fv2%2Fcategories&post=27747"},{"taxonomy":"post_tag","embeddable":true,"href":"https:\/\/www.ocorreionews.com.br\/acervo-correio\/index.php?rest_route=%2Fwp%2Fv2%2Ftags&post=27747"}],"curies":[{"name":"wp","href":"https:\/\/api.w.org\/{rel}","templated":true}]}}