{"id":2778,"date":"2015-06-02T13:33:38","date_gmt":"2015-06-02T17:33:38","guid":{"rendered":"https:\/\/ocorreionews.com.br\/?p=2778"},"modified":"2015-06-02T13:39:07","modified_gmt":"2015-06-02T17:39:07","slug":"ex-policial-foge-do-presidio-de-jatai","status":"publish","type":"post","link":"https:\/\/www.ocorreionews.com.br\/acervo-correio\/?p=2778","title":{"rendered":"Ex-policial foge do presidio de Jata\u00ed"},"content":{"rendered":"<p>O ex-policial de S\u00e3o Paulo Anderson Ramalho da Silva, detido no pres\u00eddio de <a href=\"http:\/\/plantaojti.com.br\/estado\/jatai\/\" target=\"_blank\"><strong>Jata\u00ed<\/strong><\/a>, localizado no Bairro Sebasti\u00e3o Herculano, fugiu na noite desta segunda-feira (01). A dire\u00e7\u00e3o da Penitenci\u00e1ria informou que vai abrir uma sindic\u00e2ncia para apurar as circunst\u00e2ncias que favoreceram a fuga do presidi\u00e1rio.<\/p>\n<p>Segundo as primeiras informa\u00e7\u00f5es, o fugitivo \u00e9 um dos 14 detentos da cela 17, ele estava preso desde outubro, quando foi autuado em flagrante por recepta\u00e7\u00e3o e estelionato.<\/p>\n<p><a href=\"http:\/\/plantaojti.com.br\/wp-content\/uploads\/2015\/06\/Sem-t%C3%ADtulo3.png\" rel=\"lightbox-0\"><img loading=\"lazy\" decoding=\"async\" class=\"alignleft size-medium wp-image-35451\" src=\"http:\/\/plantaojti.com.br\/wp-content\/uploads\/2015\/06\/Sem-t%C3%ADtulo3-300x172.png\" alt=\"Sem t\u00edtulo3\" width=\"300\" height=\"172\" \/><\/a>Anderson serrou a grade do banheiro que d\u00e1 acesso aos fundos do p\u00e1tio externo do presidio, na hora da fuga apenas dois agentes prisionais faziam a seguran\u00e7a do presido que tem capacidade para apena 50 presidi\u00e1rios, e conta atualmente com cerca de 300 detentos.<\/p>\n<p>Os agentes notaram a falta do preso durante a chamada \u00e0s 19h30min, ap\u00f3s a fuga policiais do CPE foram acionados para ajudar nas buscas. Al\u00e9m de recepta\u00e7\u00e3o e estelionato Anderson tem passagem \u00a0tamb\u00e9m por roubo.<\/p>\n<p>plant\u00e3o policila JTI<\/p>\n","protected":false},"excerpt":{"rendered":"<p>O ex-policial de S\u00e3o Paulo Anderson Ramalho da Silva, detido no pres\u00eddio de Jata\u00ed, localizado no Bairro Sebasti\u00e3o Herculano, fugiu na noite desta segunda-feira (01). A dire\u00e7\u00e3o da Penitenci\u00e1ria informou que vai abrir uma sindic\u00e2ncia para apurar as circunst\u00e2ncias que favoreceram a fuga do presidi\u00e1rio. Segundo as primeiras informa\u00e7\u00f5es, o fugitivo \u00e9 um dos 14 [&hellip;]<\/p>\n","protected":false},"author":4,"featured_media":2779,"comment_status":"closed","ping_status":"closed","sticky":false,"template":"","format":"standard","meta":{"footnotes":""},"categories":[38],"tags":[],"class_list":["post-2778","post","type-post","status-publish","format-standard","has-post-thumbnail","hentry","category-policia"],"_links":{"self":[{"href":"https:\/\/www.ocorreionews.com.br\/acervo-correio\/index.php?rest_route=\/wp\/v2\/posts\/2778","targetHints":{"allow":["GET"]}}],"collection":[{"href":"https:\/\/www.ocorreionews.com.br\/acervo-correio\/index.php?rest_route=\/wp\/v2\/posts"}],"about":[{"href":"https:\/\/www.ocorreionews.com.br\/acervo-correio\/index.php?rest_route=\/wp\/v2\/types\/post"}],"author":[{"embeddable":true,"href":"https:\/\/www.ocorreionews.com.br\/acervo-correio\/index.php?rest_route=\/wp\/v2\/users\/4"}],"replies":[{"embeddable":true,"href":"https:\/\/www.ocorreionews.com.br\/acervo-correio\/index.php?rest_route=%2Fwp%2Fv2%2Fcomments&post=2778"}],"version-history":[{"count":0,"href":"https:\/\/www.ocorreionews.com.br\/acervo-correio\/index.php?rest_route=\/wp\/v2\/posts\/2778\/revisions"}],"wp:featuredmedia":[{"embeddable":true,"href":"https:\/\/www.ocorreionews.com.br\/acervo-correio\/index.php?rest_route=\/wp\/v2\/media\/2779"}],"wp:attachment":[{"href":"https:\/\/www.ocorreionews.com.br\/acervo-correio\/index.php?rest_route=%2Fwp%2Fv2%2Fmedia&parent=2778"}],"wp:term":[{"taxonomy":"category","embeddable":true,"href":"https:\/\/www.ocorreionews.com.br\/acervo-correio\/index.php?rest_route=%2Fwp%2Fv2%2Fcategories&post=2778"},{"taxonomy":"post_tag","embeddable":true,"href":"https:\/\/www.ocorreionews.com.br\/acervo-correio\/index.php?rest_route=%2Fwp%2Fv2%2Ftags&post=2778"}],"curies":[{"name":"wp","href":"https:\/\/api.w.org\/{rel}","templated":true}]}}