{"id":27797,"date":"2016-05-18T07:58:24","date_gmt":"2016-05-18T11:58:24","guid":{"rendered":"https:\/\/ocorreionews.com.br\/?p=27797"},"modified":"2016-05-18T07:58:24","modified_gmt":"2016-05-18T11:58:24","slug":"costa-rica-realiza-dia-31-de-maio-1o-forum-municipal-de-esporte-e-lazer","status":"publish","type":"post","link":"https:\/\/www.ocorreionews.com.br\/acervo-correio\/?p=27797","title":{"rendered":"Costa Rica realiza dia 31 de maio 1\u00ba F\u00f3rum Municipal de Esporte e Lazer"},"content":{"rendered":"<div class=\"marginBottom30px link-Internas\">\n<p>A Secretaria de Turismo e Meio Ambiente de Costa Rica \u2013 MS por meio da Assessoria de Esportes realiza no pr\u00f3ximo dia 31 de maio (ter\u00e7a-feira) a partir das 18h, o 1\u00ba F\u00f3rum Municipal de Esporte e Lazer.<\/p>\n<p>O encontro ser\u00e1 realizado no Audit\u00f3rio da SEMED- Secretaria Municipal de Educa\u00e7\u00e3o. \u201cO Governo de Costa Rica \u00e9 parceiro do esporte e saber quais s\u00e3o as necessidades da classe \u00e9 muito importante para que saibamos como e onde atuar. O f\u00f3rum certamente ser\u00e1 um grande passo que o esporte costarriquense dar\u00e1 em busca da sua constante qualifica\u00e7\u00e3o\u201d, destaca o prefeito Waldeli dos Santos Rosa.<\/p>\n<p>O assessor de Esportes do Munic\u00edpio, Ademildo Amorim \u201cTigrilo\u201d, explica que o objetivo do encontro que tem como tema Pol\u00edticas P\u00fablicas do Esporte Amador, \u00e9 promover o debate e articula\u00e7\u00e3o de ideias para melhorar o esporte local. \u201cO f\u00f3rum \u00e9 aberto a toda popula\u00e7\u00e3o. Devemos identificar car\u00eancias e propor, ao Poder P\u00fablico, a\u00e7\u00f5es para a melhora do esporte e lazer do Munic\u00edpio\u201d, ressalta.<\/p>\n<p>Para informa\u00e7\u00f5es sobre o 1\u00ba F\u00f3rum Municipal de Esporte e Lazer na SEMTMA ou pelo telefone (67) 3247 7072.<\/p>\n<\/div>\n<div class=\"marginBottom30px link-Internas\">ASSECOM\/PMCR<\/p>\n<div class=\"span6\"><\/div>\n<\/div>\n","protected":false},"excerpt":{"rendered":"<p>A Secretaria de Turismo e Meio Ambiente de Costa Rica \u2013 MS por meio da Assessoria de Esportes realiza no pr\u00f3ximo dia 31 de maio (ter\u00e7a-feira) a partir das 18h, o 1\u00ba F\u00f3rum Municipal de Esporte e Lazer. O encontro ser\u00e1 realizado no Audit\u00f3rio da SEMED- Secretaria Municipal de Educa\u00e7\u00e3o. \u201cO Governo de Costa Rica [&hellip;]<\/p>\n","protected":false},"author":4,"featured_media":27798,"comment_status":"closed","ping_status":"closed","sticky":false,"template":"","format":"standard","meta":{"footnotes":""},"categories":[25,29],"tags":[],"class_list":["post-27797","post","type-post","status-publish","format-standard","has-post-thumbnail","hentry","category-costa-rica","category-esporte"],"_links":{"self":[{"href":"https:\/\/www.ocorreionews.com.br\/acervo-correio\/index.php?rest_route=\/wp\/v2\/posts\/27797","targetHints":{"allow":["GET"]}}],"collection":[{"href":"https:\/\/www.ocorreionews.com.br\/acervo-correio\/index.php?rest_route=\/wp\/v2\/posts"}],"about":[{"href":"https:\/\/www.ocorreionews.com.br\/acervo-correio\/index.php?rest_route=\/wp\/v2\/types\/post"}],"author":[{"embeddable":true,"href":"https:\/\/www.ocorreionews.com.br\/acervo-correio\/index.php?rest_route=\/wp\/v2\/users\/4"}],"replies":[{"embeddable":true,"href":"https:\/\/www.ocorreionews.com.br\/acervo-correio\/index.php?rest_route=%2Fwp%2Fv2%2Fcomments&post=27797"}],"version-history":[{"count":0,"href":"https:\/\/www.ocorreionews.com.br\/acervo-correio\/index.php?rest_route=\/wp\/v2\/posts\/27797\/revisions"}],"wp:featuredmedia":[{"embeddable":true,"href":"https:\/\/www.ocorreionews.com.br\/acervo-correio\/index.php?rest_route=\/wp\/v2\/media\/27798"}],"wp:attachment":[{"href":"https:\/\/www.ocorreionews.com.br\/acervo-correio\/index.php?rest_route=%2Fwp%2Fv2%2Fmedia&parent=27797"}],"wp:term":[{"taxonomy":"category","embeddable":true,"href":"https:\/\/www.ocorreionews.com.br\/acervo-correio\/index.php?rest_route=%2Fwp%2Fv2%2Fcategories&post=27797"},{"taxonomy":"post_tag","embeddable":true,"href":"https:\/\/www.ocorreionews.com.br\/acervo-correio\/index.php?rest_route=%2Fwp%2Fv2%2Ftags&post=27797"}],"curies":[{"name":"wp","href":"https:\/\/api.w.org\/{rel}","templated":true}]}}