{"id":27801,"date":"2016-05-18T08:21:05","date_gmt":"2016-05-18T12:21:05","guid":{"rendered":"https:\/\/ocorreionews.com.br\/?p=27801"},"modified":"2016-05-18T08:21:05","modified_gmt":"2016-05-18T12:21:05","slug":"prefeito-rogerio-rosalin-visitou-obras-e-anunciou-a-conclusao-de-hospital-e-creche","status":"publish","type":"post","link":"https:\/\/www.ocorreionews.com.br\/acervo-correio\/?p=27801","title":{"rendered":"Prefeito Rog\u00e9rio Rosalin visitou obras e anunciou a conclus\u00e3o de Hospital e Creche"},"content":{"rendered":"<p>O prefeito municipal Rog\u00e9rio Rosalin, realizou na \u00faltima segunda-feira 16, uma vista as obras em andamento no munic\u00edpio.<\/p>\n<p style=\"text-align: justify;\">Acompanhado da engenheira civil Vanessa Ariadne Morais, do secret\u00e1rio de obras J\u00fanior Ad\u00e3o e do vereador Edegar Lima, visitaram a obra da constru\u00e7\u00e3o da Pra\u00e7a de Esporte, que tem um investimento de R$ 929.785.01. Este investimento \u00e9 uma parceria entre o munic\u00edpio e a Uni\u00e3o, sendo que deste montante, R$ 529.943,56, s\u00e3o de recursos pr\u00f3prios do munic\u00edpio.<\/p>\n<p>No local est\u00e1 sendo constru\u00eddo, uma quadra de v\u00f4lei de areia, quadra poliesportiva em concreto, espelho d\u2019\u00e1gua com chafariz e pista para caminhada.<\/p>\n<p><a href=\"https:\/\/ocorreionews.com.br\/wp-content\/uploads\/2016\/05\/viata-as-obras.jpg\"><img loading=\"lazy\" decoding=\"async\" class=\"alignnone wp-image-27803 size-full\" src=\"https:\/\/ocorreionews.com.br\/wp-content\/uploads\/2016\/05\/viata-as-obras.jpg\" alt=\"viata as obras\" width=\"800\" height=\"531\" srcset=\"https:\/\/www.ocorreionews.com.br\/acervo-correio\/wp-content\/uploads\/2016\/05\/viata-as-obras.jpg 800w, https:\/\/www.ocorreionews.com.br\/acervo-correio\/wp-content\/uploads\/2016\/05\/viata-as-obras-300x199.jpg 300w, https:\/\/www.ocorreionews.com.br\/acervo-correio\/wp-content\/uploads\/2016\/05\/viata-as-obras-768x510.jpg 768w\" sizes=\"auto, (max-width: 800px) 100vw, 800px\" \/><\/a><\/p>\n<p style=\"text-align: justify;\">Rog\u00e9rio Rosalin, realizou tamb\u00e9m uma vista a constru\u00e7\u00e3o de uma casa, do programa social, que est\u00e1 sendo constru\u00edda e ser\u00e1 doada a moradora, Diva Viana dos Santos. A casa tem 46,43m\u00b2, custar\u00e1 aos cofres municipais R$ 46.663,00.<\/p>\n<p style=\"text-align: justify;\"><a href=\"https:\/\/ocorreionews.com.br\/wp-content\/uploads\/2016\/05\/viata-as-obras3.jpg\"><img loading=\"lazy\" decoding=\"async\" class=\"alignnone wp-image-27805 size-full\" src=\"https:\/\/ocorreionews.com.br\/wp-content\/uploads\/2016\/05\/viata-as-obras3.jpg\" alt=\"viata as obras3\" width=\"800\" height=\"531\" srcset=\"https:\/\/www.ocorreionews.com.br\/acervo-correio\/wp-content\/uploads\/2016\/05\/viata-as-obras3.jpg 800w, https:\/\/www.ocorreionews.com.br\/acervo-correio\/wp-content\/uploads\/2016\/05\/viata-as-obras3-300x199.jpg 300w, https:\/\/www.ocorreionews.com.br\/acervo-correio\/wp-content\/uploads\/2016\/05\/viata-as-obras3-768x510.jpg 768w\" sizes=\"auto, (max-width: 800px) 100vw, 800px\" \/><\/a><\/p>\n<p>O Prefeito visitou toda a extens\u00e3o das obras do Tapa Buraco na cidade, que est\u00e1 em andamento.<\/p>\n<p style=\"text-align: justify;\">Finalizando o prefeito Rog\u00e9rio Rosalin, comunicou a contrata\u00e7\u00e3o, feita atrav\u00e9s de processo licita\u00e7\u00e3o, das empresas que v\u00e3o concluir a 2\u00aa Etapa do Hospital Mariana Silv\u00e9rio Furtado e da Creche Pr\u00f3-Inf\u00e2ncia Tipo &#8220;C&#8221;, al\u00e9m da 1\u00aa Etapa de amplia\u00e7\u00e3o da Unidade B\u00e1sica de Sa\u00fade do Munic\u00edpio.<\/p>\n<p style=\"text-align: justify;\">Fotos: Bulhoes Digital<\/p>\n","protected":false},"excerpt":{"rendered":"<p>O prefeito municipal Rog\u00e9rio Rosalin, realizou na \u00faltima segunda-feira 16, uma vista as obras em andamento no munic\u00edpio. Acompanhado da engenheira civil Vanessa Ariadne Morais, do secret\u00e1rio de obras J\u00fanior Ad\u00e3o e do vereador Edegar Lima, visitaram a obra da constru\u00e7\u00e3o da Pra\u00e7a de Esporte, que tem um investimento de R$ 929.785.01. Este investimento \u00e9 [&hellip;]<\/p>\n","protected":false},"author":4,"featured_media":27804,"comment_status":"closed","ping_status":"closed","sticky":false,"template":"","format":"standard","meta":{"footnotes":""},"categories":[30],"tags":[],"class_list":["post-27801","post","type-post","status-publish","format-standard","has-post-thumbnail","hentry","category-figueirao"],"_links":{"self":[{"href":"https:\/\/www.ocorreionews.com.br\/acervo-correio\/index.php?rest_route=\/wp\/v2\/posts\/27801","targetHints":{"allow":["GET"]}}],"collection":[{"href":"https:\/\/www.ocorreionews.com.br\/acervo-correio\/index.php?rest_route=\/wp\/v2\/posts"}],"about":[{"href":"https:\/\/www.ocorreionews.com.br\/acervo-correio\/index.php?rest_route=\/wp\/v2\/types\/post"}],"author":[{"embeddable":true,"href":"https:\/\/www.ocorreionews.com.br\/acervo-correio\/index.php?rest_route=\/wp\/v2\/users\/4"}],"replies":[{"embeddable":true,"href":"https:\/\/www.ocorreionews.com.br\/acervo-correio\/index.php?rest_route=%2Fwp%2Fv2%2Fcomments&post=27801"}],"version-history":[{"count":0,"href":"https:\/\/www.ocorreionews.com.br\/acervo-correio\/index.php?rest_route=\/wp\/v2\/posts\/27801\/revisions"}],"wp:featuredmedia":[{"embeddable":true,"href":"https:\/\/www.ocorreionews.com.br\/acervo-correio\/index.php?rest_route=\/wp\/v2\/media\/27804"}],"wp:attachment":[{"href":"https:\/\/www.ocorreionews.com.br\/acervo-correio\/index.php?rest_route=%2Fwp%2Fv2%2Fmedia&parent=27801"}],"wp:term":[{"taxonomy":"category","embeddable":true,"href":"https:\/\/www.ocorreionews.com.br\/acervo-correio\/index.php?rest_route=%2Fwp%2Fv2%2Fcategories&post=27801"},{"taxonomy":"post_tag","embeddable":true,"href":"https:\/\/www.ocorreionews.com.br\/acervo-correio\/index.php?rest_route=%2Fwp%2Fv2%2Ftags&post=27801"}],"curies":[{"name":"wp","href":"https:\/\/api.w.org\/{rel}","templated":true}]}}