{"id":2781,"date":"2015-06-02T13:36:37","date_gmt":"2015-06-02T17:36:37","guid":{"rendered":"https:\/\/ocorreionews.com.br\/?p=2781"},"modified":"2015-06-02T13:36:37","modified_gmt":"2015-06-02T17:36:37","slug":"blatter-decide-deixar-presidencia-da-fifa-e-convoca-novas-eleicoes-2","status":"publish","type":"post","link":"https:\/\/www.ocorreionews.com.br\/acervo-correio\/?p=2781","title":{"rendered":"Blatter decide deixar presid\u00eancia da Fifa e convoca novas elei\u00e7\u00f5es"},"content":{"rendered":"<div class=\"noticias_det_txt_just\">\u00c9 o fim de uma era. O presidente da Fifa, Joseph Blatter, surpreendeu o mundo da futebol ao entregar seu cargo de presidente da Fifa nesta ter\u00e7a-feira. Ele convocou novas elei\u00e7\u00f5es ao comando da entidade &#8211; que preside desde 1999. At\u00e9 l\u00e1, por\u00e9m, seguir\u00e1 no cargo, para o qual foi reeleito na semana passada.<\/p>\n<p>&#8211; Enquanto eu tenho o mandato, n\u00e3o sinto que esse mandato seja de todo o mundo do futebol &#8211; torcedores, jogadores, clubes, as pessoas que vivem, respiram, amam futebol tanto quanto n\u00f3s na Fifa. Por isso, decidi entregar meu cargo a um congresso de um comit\u00ea extraordin\u00e1rio. Continuarei exercendo minhas fun\u00e7\u00f5es como presidente da Fifa at\u00e9 l\u00e1 &#8211; disse Blatter em pronunciamento nesta ter\u00e7a-feira em Zurique, na Su\u00ed\u00e7a.<\/p><\/div>\n<div class=\"noticias_det_txt_just\">As novas elei\u00e7\u00f5es ser\u00e3o entre dezembro deste ano e mar\u00e7o de 2016. Blatter diz que respeitar\u00e1 os regimentos da entidade e que tentar\u00e1 criar novos mecanismos internos no \u00f3rg\u00e3o, que vive a pior crise de sua hist\u00f3ria.<\/p>\n<p>&#8211; Vou continuar a exercer minha fun\u00e7\u00e3o como presidente at\u00e9 um novo presidente ser escolhido. O pr\u00f3ximo congresso demoraria muito. Esse procedimento ser\u00e1 de acordo com os estatutos. E com tempo suficiente para encontrar os novos candidatos e que possam fazer suas candidaturas. Agora estarei numa posi\u00e7\u00e3o de focar em implementar ambiciosos protocolos de transpar\u00eancia e reformas para seguir o meu mandato.<\/p>\n<p>Na semana passada, sete dirigentes da entidade, entre eles o ex-presidente da CBF Jos\u00e9 Maria Marin, foram presos em Zurique, suspeitos de participar de um esquema de corrup\u00e7\u00e3o. O Departamento de Justi\u00e7a dos Estados Unidos afirmou que Blatter \u00e9 um dos investigados, mas que n\u00e3o houve ind\u00edcios contra ele.<\/p><\/div>\n<div class=\"noticias_det_txt_just\"><b>Fonte:<\/b> Globo Esporte<\/div>\n<p>&nbsp;<\/p>\n","protected":false},"excerpt":{"rendered":"<p>\u00c9 o fim de uma era. O presidente da Fifa, Joseph Blatter, surpreendeu o mundo da futebol ao entregar seu cargo de presidente da Fifa nesta ter\u00e7a-feira. Ele convocou novas elei\u00e7\u00f5es ao comando da entidade &#8211; que preside desde 1999. At\u00e9 l\u00e1, por\u00e9m, seguir\u00e1 no cargo, para o qual foi reeleito na semana passada. &#8211; [&hellip;]<\/p>\n","protected":false},"author":4,"featured_media":2782,"comment_status":"closed","ping_status":"closed","sticky":false,"template":"","format":"standard","meta":{"footnotes":""},"categories":[29],"tags":[],"class_list":["post-2781","post","type-post","status-publish","format-standard","has-post-thumbnail","hentry","category-esporte"],"_links":{"self":[{"href":"https:\/\/www.ocorreionews.com.br\/acervo-correio\/index.php?rest_route=\/wp\/v2\/posts\/2781","targetHints":{"allow":["GET"]}}],"collection":[{"href":"https:\/\/www.ocorreionews.com.br\/acervo-correio\/index.php?rest_route=\/wp\/v2\/posts"}],"about":[{"href":"https:\/\/www.ocorreionews.com.br\/acervo-correio\/index.php?rest_route=\/wp\/v2\/types\/post"}],"author":[{"embeddable":true,"href":"https:\/\/www.ocorreionews.com.br\/acervo-correio\/index.php?rest_route=\/wp\/v2\/users\/4"}],"replies":[{"embeddable":true,"href":"https:\/\/www.ocorreionews.com.br\/acervo-correio\/index.php?rest_route=%2Fwp%2Fv2%2Fcomments&post=2781"}],"version-history":[{"count":0,"href":"https:\/\/www.ocorreionews.com.br\/acervo-correio\/index.php?rest_route=\/wp\/v2\/posts\/2781\/revisions"}],"wp:featuredmedia":[{"embeddable":true,"href":"https:\/\/www.ocorreionews.com.br\/acervo-correio\/index.php?rest_route=\/wp\/v2\/media\/2782"}],"wp:attachment":[{"href":"https:\/\/www.ocorreionews.com.br\/acervo-correio\/index.php?rest_route=%2Fwp%2Fv2%2Fmedia&parent=2781"}],"wp:term":[{"taxonomy":"category","embeddable":true,"href":"https:\/\/www.ocorreionews.com.br\/acervo-correio\/index.php?rest_route=%2Fwp%2Fv2%2Fcategories&post=2781"},{"taxonomy":"post_tag","embeddable":true,"href":"https:\/\/www.ocorreionews.com.br\/acervo-correio\/index.php?rest_route=%2Fwp%2Fv2%2Ftags&post=2781"}],"curies":[{"name":"wp","href":"https:\/\/api.w.org\/{rel}","templated":true}]}}