{"id":27878,"date":"2016-05-19T08:20:19","date_gmt":"2016-05-19T12:20:19","guid":{"rendered":"https:\/\/ocorreionews.com.br\/?p=27878"},"modified":"2016-05-19T09:21:09","modified_gmt":"2016-05-19T13:21:09","slug":"locatario-que-matou-inquilino-ganha-liberdade-e-autorizacao-para-participar-de-culto","status":"publish","type":"post","link":"https:\/\/www.ocorreionews.com.br\/acervo-correio\/?p=27878","title":{"rendered":"Locat\u00e1rio que matou inquilino ganha liberdade e autoriza\u00e7\u00e3o para participar de culto"},"content":{"rendered":"<p>O locat\u00e1rio Francisco da Silva Xavier, de 46 anos, acusado de matar a facadas o inquilino Gilvan Barbosa dos Santos, de 38 anos, ganhou a liberdade e o direito de participar de cultos aos domingos. O alvar\u00e1 de soltura foi determinado nesta ter\u00e7a-feira (17), pelo juiz da Comarca de Sonora, Jess\u00e9 Cruciol Junior, durante a audi\u00eancia de cust\u00f3dia.<\/p>\n<p>Apesar dessa exce\u00e7\u00e3o, ele vai ter de se recolher nos outros dias das 19 \u00e0s 6 horas, n\u00e3o pode se ausentar de Sonora sem autoriza\u00e7\u00e3o e deve comparecer ao ju\u00edzo mensalmente.<\/p>\n<p>O juiz entendeu que n\u00e3o havia necessidade da pris\u00e3o cautelar e escreveu que a gravidade do crime n\u00e3o \u00e9 motivo suficiente, conforme cortes superiores.<\/p>\n<p><strong>Entenda o caso<\/strong><\/p>\n<p>O corpo de Santos foi encontrado por volta das 21 horas do s\u00e1bado (14), num quarto de aluguel localizado na rua Do Engenho em Sonora. Testemunhas acionaram a pol\u00edcia e relataram que avistaram um Fiat Uno, cor prata, saindo do local em alta velocidade.<\/p>\n<p>Santos estava ca\u00eddo com v\u00e1rias perfura\u00e7\u00f5es no corpo, principalmente no rosto e no pesco\u00e7o e com uma faca suja de sangue na m\u00e3o. Conforme os peritos, a v\u00edtima foi golpeada pelo menos 20 vezes.<\/p>\n<p>Ao analisarem o local, os investigadores logo constataram que a cena do crime estava alterada e suspeitaram que a v\u00edtima poderia ter sido assassinada com a pr\u00f3pria faca que tinha na m\u00e3o, colocada ali propositalmente.<\/p>\n<p>Ao apurarem os fatos, os investigadores receberam a informa\u00e7\u00e3o de que Xavier, dono dos quartos de aluguel, possu\u00eda um Fiat Uno com as mesmas caracter\u00edsticas e que ele havia estado no local durante a tarde com o referido ve\u00edculo, acompanhado de um homem que desejava comprar o im\u00f3vel.<\/p>\n<p>Outro fato que chamou a aten\u00e7\u00e3o dos investigadores foi que no mesmo dia Xavier j\u00e1 havia acionado a Pol\u00edcia Militar reclamando que estava sendo amea\u00e7ado por Santos, mas quando os policiais chegaram ao local, ele disse que o inquilino j\u00e1 tinha ido embora e dispensou a viatura. Mais tarde, Xavier fez a mesma reclama\u00e7\u00e3o a um investigador da pol\u00edcia civil que encontrou na rua e foi orientado a registrar a amea\u00e7a na Delegacia.<\/p>\n<p>Como todos os ind\u00edcios apontavam Xavier como principal suspeito, os investigadores iniciaram dilig\u00eancias para tentar localiza-lo, at\u00e9 que receberam a informa\u00e7\u00e3o de que um ve\u00edculo com as mesmas caracter\u00edsticas que o dele havia passado pelo ped\u00e1gio da CCR MS Via na BR-163 em dire\u00e7\u00e3o a Coxim.<\/p>\n<p>A delegada e os policias seguiram em acompanhamento t\u00e1tico e pediram apoio da PRF, que montou uma barreira na Unidade Operacional em Coxim, onde conseguiram abordar o suspeito. Xavier confessou o crime e confirmou que realmente usou a faca deixada na m\u00e3o da v\u00edtima para mata-la. No carro os policiais encontraram as roupas lavadas e ainda molhadas que ele usou no momento do crime.<\/p>\n<p>Xavier foi preso em flagrante e encaminhado para a Delegacia de Pol\u00edcia Civil de Coxim. Ele falou com exclusividade ao Edi\u00e7\u00e3o de Not\u00edcias e disse que cometeu o crime para se defender e proteger sua fam\u00edlia. \u201cDepois que descobri que ele estava usando o quarto como ponto de tr\u00e1fico de drogas disse que n\u00e3o concordava e pedi para ele sair, desde ent\u00e3o o cara come\u00e7ou a me amea\u00e7ar dizendo que eu era cagueta e por isso iria matar a mim e minha fam\u00edlia\u201d disse Xavier.<\/p>\n<p>Ele alegou que procurou o inquilino para conversar, por\u00e9m ao avista-lo, Santos fez gesto que iria pegar algo na cintura, momento em que Xavier acabou partindo pra cima do mesmo com a faca, que segundo ele j\u00e1 carregava para se defender. \u201cOu era ele ou eu, fiz para me defender e proteger meu filho, minha nora, meus sobrinhos e minha netinha\u201d finalizou ele.<\/p>\n<p>&nbsp;<\/p>\n<p>&nbsp;<\/p>\n<p>&nbsp;<\/p>\n<p>Edi\u00e7\u00e3o de Noticias<\/p>\n","protected":false},"excerpt":{"rendered":"<p>O locat\u00e1rio Francisco da Silva Xavier, de 46 anos, acusado de matar a facadas o inquilino Gilvan Barbosa dos Santos, de 38 anos, ganhou a liberdade e o direito de participar de cultos aos domingos. O alvar\u00e1 de soltura foi determinado nesta ter\u00e7a-feira (17), pelo juiz da Comarca de Sonora, Jess\u00e9 Cruciol Junior, durante a [&hellip;]<\/p>\n","protected":false},"author":4,"featured_media":27879,"comment_status":"closed","ping_status":"closed","sticky":false,"template":"","format":"standard","meta":{"footnotes":""},"categories":[38],"tags":[],"class_list":["post-27878","post","type-post","status-publish","format-standard","has-post-thumbnail","hentry","category-policia"],"_links":{"self":[{"href":"https:\/\/www.ocorreionews.com.br\/acervo-correio\/index.php?rest_route=\/wp\/v2\/posts\/27878","targetHints":{"allow":["GET"]}}],"collection":[{"href":"https:\/\/www.ocorreionews.com.br\/acervo-correio\/index.php?rest_route=\/wp\/v2\/posts"}],"about":[{"href":"https:\/\/www.ocorreionews.com.br\/acervo-correio\/index.php?rest_route=\/wp\/v2\/types\/post"}],"author":[{"embeddable":true,"href":"https:\/\/www.ocorreionews.com.br\/acervo-correio\/index.php?rest_route=\/wp\/v2\/users\/4"}],"replies":[{"embeddable":true,"href":"https:\/\/www.ocorreionews.com.br\/acervo-correio\/index.php?rest_route=%2Fwp%2Fv2%2Fcomments&post=27878"}],"version-history":[{"count":0,"href":"https:\/\/www.ocorreionews.com.br\/acervo-correio\/index.php?rest_route=\/wp\/v2\/posts\/27878\/revisions"}],"wp:featuredmedia":[{"embeddable":true,"href":"https:\/\/www.ocorreionews.com.br\/acervo-correio\/index.php?rest_route=\/wp\/v2\/media\/27879"}],"wp:attachment":[{"href":"https:\/\/www.ocorreionews.com.br\/acervo-correio\/index.php?rest_route=%2Fwp%2Fv2%2Fmedia&parent=27878"}],"wp:term":[{"taxonomy":"category","embeddable":true,"href":"https:\/\/www.ocorreionews.com.br\/acervo-correio\/index.php?rest_route=%2Fwp%2Fv2%2Fcategories&post=27878"},{"taxonomy":"post_tag","embeddable":true,"href":"https:\/\/www.ocorreionews.com.br\/acervo-correio\/index.php?rest_route=%2Fwp%2Fv2%2Ftags&post=27878"}],"curies":[{"name":"wp","href":"https:\/\/api.w.org\/{rel}","templated":true}]}}