{"id":27881,"date":"2016-05-19T08:27:20","date_gmt":"2016-05-19T12:27:20","guid":{"rendered":"https:\/\/ocorreionews.com.br\/?p=27881"},"modified":"2016-05-19T08:27:20","modified_gmt":"2016-05-19T12:27:20","slug":"figueirao-participa-da-caravana-da-saude-em-campo-grande","status":"publish","type":"post","link":"https:\/\/www.ocorreionews.com.br\/acervo-correio\/?p=27881","title":{"rendered":"Figueir\u00e3o participa da Caravana da Sa\u00fade em Campo Grande"},"content":{"rendered":"<p>Na capital de Mato Grosso do Sul, onde a Caravana da Sa\u00fade, projeto do Governo do Estado, dever\u00e1 realizar 12 mil cirurgias oftalmol\u00f3gicas e 35 mil consultas nesta especialidade, 35 dos pacientes, na \u00faltima ter\u00e7a-feira (17), s\u00e3o residentes de Figueir\u00e3o. Ele viajaram 260 quil\u00f4metros com o apoio da Prefeitura Municipal com a finalidade de buscar tratamento em especialidades n\u00e3o atendidas em diversos munic\u00edpios do interior. Outros 35 moradores de Figueir\u00e3o participar\u00e3o da Caravana no decorrer desta semana, sendo que alguns j\u00e1 possuem cirurgias agendadas.<a href=\"https:\/\/ocorreionews.com.br\/wp-content\/uploads\/2016\/05\/caravana-da-saude-figueirao2.jpeg\"><img loading=\"lazy\" decoding=\"async\" class=\"size-medium wp-image-27883 alignright\" src=\"https:\/\/ocorreionews.com.br\/wp-content\/uploads\/2016\/05\/caravana-da-saude-figueirao2-300x169.jpeg\" alt=\"caravana da saude figueirao2\" width=\"300\" height=\"169\" srcset=\"https:\/\/www.ocorreionews.com.br\/acervo-correio\/wp-content\/uploads\/2016\/05\/caravana-da-saude-figueirao2-300x169.jpeg 300w, https:\/\/www.ocorreionews.com.br\/acervo-correio\/wp-content\/uploads\/2016\/05\/caravana-da-saude-figueirao2.jpeg 670w\" sizes=\"auto, (max-width: 300px) 100vw, 300px\" \/><\/a><\/p>\n<p>Na viagem do primeiro grupo, todos passaram por consultas e cinco foram diagnosticados com catarata. Eles retornar\u00e3o nesta quinta-feira (19), para realiz\u00e1-las, com a assist\u00eancia da Secretaria Municipal de Sa\u00fade, de Figueir\u00e3o. \u201cEsse \u00e9 dos m\u00e9ritos da Caravana da Sa\u00fade, fazer que mesmo sem chegar nesta edi\u00e7\u00e3o no nosso munic\u00edpio, recebe prontamente pacientes de todas as regi\u00f5es, dando a possibilidade de tratamento a quem carece\u201d, afirma a secret\u00e1ria de sa\u00fade do munic\u00edpio, Altair Pereira de \u00c1vila.<\/p>\n<p>Segundo Altair, o segundo grupo que viaja para Campo Grande nesta quarta-feira buscam consultas relacionados a neurologia, psiquiatria, cardiologia, ortopedia e dermatologia. \u201c\u00c9 um apoio imensur\u00e1vel, uma vez que n\u00e3o temos no quadro do munic\u00edpio profissionais que atendam essas patologias t\u00e3o espec\u00edficas\u201d, pontua.<\/p>\n<p>Para o prefeito, Rog\u00e9rio Rosalin (PSDB), diversos munic\u00edpios devem se mostrar gratos ao projeto. \u201cA arrecada\u00e7\u00e3o \u00ednfima, como a de Figueir\u00e3o, acaba fazendo necess\u00e1rio o deslocamento de pacientes para a capital e at\u00e9 parceria com munic\u00edpios vizinhos, que possam tratar nossa popula\u00e7\u00e3o. Al\u00e9m de zerar esse d\u00e9ficit de atendimentos nos menores, os maiores munic\u00edpios recebem uma estrutura a parte que faz toda a diferen\u00e7a para as estat\u00edsticas de tratamento e preven\u00e7\u00e3o\u201d, destaca.<\/p>\n<p>De acordo com o Governador de MS, Reinaldo Azambuja, tamb\u00e9m tucano, ser\u00e3o investidos mais R$ 3 milh\u00f5es para ampliar o tempo da Caravana em Campo Grande, totalizando R$ 22 milh\u00f5es aplicados nesta edi\u00e7\u00e3o.<\/p>\n<p>&nbsp;<\/p>\n<p>&nbsp;<\/p>\n<p>Texto: Diego Silva<\/p>\n<p>Fotos: Assessoria de Comunica\u00e7\u00e3o<\/p>\n","protected":false},"excerpt":{"rendered":"<p>Na capital de Mato Grosso do Sul, onde a Caravana da Sa\u00fade, projeto do Governo do Estado, dever\u00e1 realizar 12 mil cirurgias oftalmol\u00f3gicas e 35 mil consultas nesta especialidade, 35 dos pacientes, na \u00faltima ter\u00e7a-feira (17), s\u00e3o residentes de Figueir\u00e3o. Ele viajaram 260 quil\u00f4metros com o apoio da Prefeitura Municipal com a finalidade de buscar [&hellip;]<\/p>\n","protected":false},"author":4,"featured_media":27882,"comment_status":"closed","ping_status":"closed","sticky":false,"template":"","format":"standard","meta":{"footnotes":""},"categories":[30],"tags":[],"class_list":["post-27881","post","type-post","status-publish","format-standard","has-post-thumbnail","hentry","category-figueirao"],"_links":{"self":[{"href":"https:\/\/www.ocorreionews.com.br\/acervo-correio\/index.php?rest_route=\/wp\/v2\/posts\/27881","targetHints":{"allow":["GET"]}}],"collection":[{"href":"https:\/\/www.ocorreionews.com.br\/acervo-correio\/index.php?rest_route=\/wp\/v2\/posts"}],"about":[{"href":"https:\/\/www.ocorreionews.com.br\/acervo-correio\/index.php?rest_route=\/wp\/v2\/types\/post"}],"author":[{"embeddable":true,"href":"https:\/\/www.ocorreionews.com.br\/acervo-correio\/index.php?rest_route=\/wp\/v2\/users\/4"}],"replies":[{"embeddable":true,"href":"https:\/\/www.ocorreionews.com.br\/acervo-correio\/index.php?rest_route=%2Fwp%2Fv2%2Fcomments&post=27881"}],"version-history":[{"count":0,"href":"https:\/\/www.ocorreionews.com.br\/acervo-correio\/index.php?rest_route=\/wp\/v2\/posts\/27881\/revisions"}],"wp:featuredmedia":[{"embeddable":true,"href":"https:\/\/www.ocorreionews.com.br\/acervo-correio\/index.php?rest_route=\/wp\/v2\/media\/27882"}],"wp:attachment":[{"href":"https:\/\/www.ocorreionews.com.br\/acervo-correio\/index.php?rest_route=%2Fwp%2Fv2%2Fmedia&parent=27881"}],"wp:term":[{"taxonomy":"category","embeddable":true,"href":"https:\/\/www.ocorreionews.com.br\/acervo-correio\/index.php?rest_route=%2Fwp%2Fv2%2Fcategories&post=27881"},{"taxonomy":"post_tag","embeddable":true,"href":"https:\/\/www.ocorreionews.com.br\/acervo-correio\/index.php?rest_route=%2Fwp%2Fv2%2Ftags&post=27881"}],"curies":[{"name":"wp","href":"https:\/\/api.w.org\/{rel}","templated":true}]}}