{"id":2794,"date":"2015-06-02T14:34:01","date_gmt":"2015-06-02T18:34:01","guid":{"rendered":"https:\/\/ocorreionews.com.br\/?p=2794"},"modified":"2015-06-02T14:50:30","modified_gmt":"2015-06-02T18:50:30","slug":"edital-de-leilao-publico-de-veiculos-inserviveis-ao-municipio","status":"publish","type":"post","link":"https:\/\/www.ocorreionews.com.br\/acervo-correio\/?p=2794","title":{"rendered":"Edital de Leil\u00e3o Publico de Ve\u00edculos inserv\u00edveis ao munic\u00edpio"},"content":{"rendered":"<p style=\"text-align: justify;\">EDITAL DE LICITA\u00c7\u00c3O N\u00b0 001\/2015 LEIL\u00c3O P\u00daBLICO EDITAL P\u00daBLICO 001\/2015 PROCESSO 4207\/2015 A COMISS\u00c3O PERMANENTE DE LICITA\u00c7\u00c3O DA PREFEITURA MUNICIPAL DE CHAPAD\u00c3O DO C\u00c9U, Estado de Goi\u00e1s, com sede na Av: Ema s\/n\u00ba centro, centro, no uso de suas atribui\u00e7\u00f5es legais, e tendo em vista o que consta do Processo n.\u00ba 4207- 2015, torna p\u00fablico que far\u00e1 realizar licita\u00e7\u00e3o na modalidade de LEIL\u00c3O PUBLICO, visando aliena\u00e7\u00e3o de bens de sua propriedade, nos termos das condi\u00e7\u00f5es estabelecidas neste Regulamento e\/ou Edital e da Lei n\u00b0 8.666\/93 de 21 de junho de 1993 e suas altera\u00e7\u00f5es posteriores.<\/p>\n<p style=\"text-align: justify;\">1- DO OBJETO: 1.1 &#8211; O objeto do presente Leil\u00e3o s\u00e3o bens recuper\u00e1veis e irrecuper\u00e1veis de propriedade do Munic\u00edpio, como ve\u00edculos, conforme descrito detalhadamente no anexo I deste Edital.<\/p>\n<p style=\"text-align: justify;\"><strong><a href=\"http:\/\/www.mcleilao.com.br\/leiloes\/chapadaodoceu_062015.php\"><span style=\"color: #ff0000;\">VEJA AS FOTOS<\/span> <\/a><\/strong><\/p>\n<p style=\"text-align: justify;\">2 &#8211; LOCAL, DATA E HOR\u00c1RIO DO LEIL\u00c3O: 2.1 &#8211; O Leil\u00e3o constante do anexo I, para aliena\u00e7\u00e3o, ve\u00edculos, ser\u00e1 realizado no dia 19 de Junho de 2015, \u00e0s 14:00 horas, na C\u00e2mara Municipal nesta cidade<\/p>\n<p style=\"text-align: justify;\">3 &#8211; DATA, HOR\u00c1RIO E LOCAL DE VISITA\u00c7\u00c3O: 3.1 &#8211; Os bens objeto do presente leil\u00e3o estar\u00e3o \u00e0 disposi\u00e7\u00e3o dos interessados para visita\u00e7\u00e3o e exame, a partir do dia 28 de Maio ao dia 18 de junho de 2015, nos hor\u00e1rios de 8:00h as 11:00h e das 13:00h as 17:00h na Garagem Municipal de Chapad\u00e3o do C\u00e9u Rua Yp\u00ea, Setor Industrial s\/n\u00ba, nesta cidade.<\/p>\n","protected":false},"excerpt":{"rendered":"<p>EDITAL DE LICITA\u00c7\u00c3O N\u00b0 001\/2015 LEIL\u00c3O P\u00daBLICO EDITAL P\u00daBLICO 001\/2015 PROCESSO 4207\/2015 A COMISS\u00c3O PERMANENTE DE LICITA\u00c7\u00c3O DA PREFEITURA MUNICIPAL DE CHAPAD\u00c3O DO C\u00c9U, Estado de Goi\u00e1s, com sede na Av: Ema s\/n\u00ba centro, centro, no uso de suas atribui\u00e7\u00f5es legais, e tendo em vista o que consta do Processo n.\u00ba 4207- 2015, torna p\u00fablico [&hellip;]<\/p>\n","protected":false},"author":4,"featured_media":2802,"comment_status":"closed","ping_status":"closed","sticky":false,"template":"","format":"standard","meta":{"footnotes":""},"categories":[22],"tags":[],"class_list":["post-2794","post","type-post","status-publish","format-standard","has-post-thumbnail","hentry","category-chapadao-do-ceu"],"_links":{"self":[{"href":"https:\/\/www.ocorreionews.com.br\/acervo-correio\/index.php?rest_route=\/wp\/v2\/posts\/2794","targetHints":{"allow":["GET"]}}],"collection":[{"href":"https:\/\/www.ocorreionews.com.br\/acervo-correio\/index.php?rest_route=\/wp\/v2\/posts"}],"about":[{"href":"https:\/\/www.ocorreionews.com.br\/acervo-correio\/index.php?rest_route=\/wp\/v2\/types\/post"}],"author":[{"embeddable":true,"href":"https:\/\/www.ocorreionews.com.br\/acervo-correio\/index.php?rest_route=\/wp\/v2\/users\/4"}],"replies":[{"embeddable":true,"href":"https:\/\/www.ocorreionews.com.br\/acervo-correio\/index.php?rest_route=%2Fwp%2Fv2%2Fcomments&post=2794"}],"version-history":[{"count":0,"href":"https:\/\/www.ocorreionews.com.br\/acervo-correio\/index.php?rest_route=\/wp\/v2\/posts\/2794\/revisions"}],"wp:featuredmedia":[{"embeddable":true,"href":"https:\/\/www.ocorreionews.com.br\/acervo-correio\/index.php?rest_route=\/wp\/v2\/media\/2802"}],"wp:attachment":[{"href":"https:\/\/www.ocorreionews.com.br\/acervo-correio\/index.php?rest_route=%2Fwp%2Fv2%2Fmedia&parent=2794"}],"wp:term":[{"taxonomy":"category","embeddable":true,"href":"https:\/\/www.ocorreionews.com.br\/acervo-correio\/index.php?rest_route=%2Fwp%2Fv2%2Fcategories&post=2794"},{"taxonomy":"post_tag","embeddable":true,"href":"https:\/\/www.ocorreionews.com.br\/acervo-correio\/index.php?rest_route=%2Fwp%2Fv2%2Ftags&post=2794"}],"curies":[{"name":"wp","href":"https:\/\/api.w.org\/{rel}","templated":true}]}}