{"id":27947,"date":"2016-05-20T06:56:17","date_gmt":"2016-05-20T10:56:17","guid":{"rendered":"https:\/\/ocorreionews.com.br\/?p=27947"},"modified":"2016-05-20T06:56:17","modified_gmt":"2016-05-20T10:56:17","slug":"orgaos-publicos-de-costa-rica-sofrem-acao-de-ladroes","status":"publish","type":"post","link":"https:\/\/www.ocorreionews.com.br\/acervo-correio\/?p=27947","title":{"rendered":"\u00d3rg\u00e3os p\u00fablicos de Costa Rica sofrem a\u00e7\u00e3o de ladr\u00f5es"},"content":{"rendered":"<p style=\"text-align: justify;\">A Delegacia de Pol\u00edcia de Costa Rica registrou na tarde de hoje (19), tr\u00eas furtos em locais p\u00fablicos do munic\u00edpio, todos realizados de modo semelhante, segundo relatos das v\u00edtimas.<\/p>\n<p style=\"text-align: justify;\">O primeiro furto ocorreu na Escola Estadual Jos\u00e9 Ferreira da Costa, por volta das 9h30. A v\u00edtima relatou no Boletim de Ocorr\u00eancia que teve seu celular Samsung e dois cart\u00f5es, um de d\u00e9bito e outro de cr\u00e9dito, subtra\u00eddos de dentro da biblioteca do col\u00e9gio.<\/p>\n<p style=\"text-align: justify;\">Outro crime semelhante ocorreu \u00e0s 13:10, no Detran de Costa Rica. Um funcion\u00e1rio do \u00f3rg\u00e3o registrou queixa relatando que um iPhone 5, de uso interno da institui\u00e7\u00e3o, foi furtado do local.<\/p>\n<p style=\"text-align: justify;\">O F\u00f3rum do munic\u00edpio tamb\u00e9m foi alvo da a\u00e7\u00e3o dos ladr\u00f5es. Segundo informa\u00e7\u00f5es do B.O, a v\u00edtima teria deixado um celular LG V10 em cima de uma mesa no dep\u00f3sito que fica nos fundos do pr\u00e9dio, quando o mesmo desapareceu. O fato ocorreu \u00e0s 9h50.<\/p>\n<p style=\"text-align: justify;\">Em todos os casos, n\u00e3o h\u00e1 pistas de quem seja o autor. A pol\u00edcia segue investigando as ocorr\u00eancias.<\/p>\n<p style=\"text-align: justify;\">\n<div class=\"clear\" style=\"text-align: justify;\"><\/div>\n<div class=\"fonte\" style=\"text-align: justify;\">Fonte: MS TODO DIA<\/div>\n","protected":false},"excerpt":{"rendered":"<p>A Delegacia de Pol\u00edcia de Costa Rica registrou na tarde de hoje (19), tr\u00eas furtos em locais p\u00fablicos do munic\u00edpio, todos realizados de modo semelhante, segundo relatos das v\u00edtimas. O primeiro furto ocorreu na Escola Estadual Jos\u00e9 Ferreira da Costa, por volta das 9h30. A v\u00edtima relatou no Boletim de Ocorr\u00eancia que teve seu celular [&hellip;]<\/p>\n","protected":false},"author":4,"featured_media":6084,"comment_status":"closed","ping_status":"closed","sticky":false,"template":"","format":"standard","meta":{"footnotes":""},"categories":[38],"tags":[],"class_list":["post-27947","post","type-post","status-publish","format-standard","has-post-thumbnail","hentry","category-policia"],"_links":{"self":[{"href":"https:\/\/www.ocorreionews.com.br\/acervo-correio\/index.php?rest_route=\/wp\/v2\/posts\/27947","targetHints":{"allow":["GET"]}}],"collection":[{"href":"https:\/\/www.ocorreionews.com.br\/acervo-correio\/index.php?rest_route=\/wp\/v2\/posts"}],"about":[{"href":"https:\/\/www.ocorreionews.com.br\/acervo-correio\/index.php?rest_route=\/wp\/v2\/types\/post"}],"author":[{"embeddable":true,"href":"https:\/\/www.ocorreionews.com.br\/acervo-correio\/index.php?rest_route=\/wp\/v2\/users\/4"}],"replies":[{"embeddable":true,"href":"https:\/\/www.ocorreionews.com.br\/acervo-correio\/index.php?rest_route=%2Fwp%2Fv2%2Fcomments&post=27947"}],"version-history":[{"count":0,"href":"https:\/\/www.ocorreionews.com.br\/acervo-correio\/index.php?rest_route=\/wp\/v2\/posts\/27947\/revisions"}],"wp:featuredmedia":[{"embeddable":true,"href":"https:\/\/www.ocorreionews.com.br\/acervo-correio\/index.php?rest_route=\/wp\/v2\/media\/6084"}],"wp:attachment":[{"href":"https:\/\/www.ocorreionews.com.br\/acervo-correio\/index.php?rest_route=%2Fwp%2Fv2%2Fmedia&parent=27947"}],"wp:term":[{"taxonomy":"category","embeddable":true,"href":"https:\/\/www.ocorreionews.com.br\/acervo-correio\/index.php?rest_route=%2Fwp%2Fv2%2Fcategories&post=27947"},{"taxonomy":"post_tag","embeddable":true,"href":"https:\/\/www.ocorreionews.com.br\/acervo-correio\/index.php?rest_route=%2Fwp%2Fv2%2Ftags&post=27947"}],"curies":[{"name":"wp","href":"https:\/\/api.w.org\/{rel}","templated":true}]}}