{"id":28000,"date":"2016-05-21T06:59:04","date_gmt":"2016-05-21T10:59:04","guid":{"rendered":"https:\/\/ocorreionews.com.br\/?p=28000"},"modified":"2016-05-21T06:59:04","modified_gmt":"2016-05-21T10:59:04","slug":"coluna-do-roberto-costa-3","status":"publish","type":"post","link":"https:\/\/www.ocorreionews.com.br\/acervo-correio\/?p=28000","title":{"rendered":"Coluna do Roberto Costa"},"content":{"rendered":"<p><strong>E AGORA?<\/strong> \u2013 A ministra Rosa Weber, do Supremo Tribunal Federal, determinou que a presidenta afastada Dilma Rousseff fosse notificada sobre interpela\u00e7\u00e3o judicial proposta por deputados que questionam o fato de a presidenta classificar o processo de impeachment\u00a0de \u201cgolpe de Estado\u201d.<\/p>\n<p>**<\/p>\n<p><strong>DEFENSOR <\/strong>\u2013 No despacho, a ministra concedeu prazo de dez dias para que Dilma se manifeste a respeito. Ser\u00e1 que Jos\u00e9 Eduardo Cardozo ter\u00e1 argumento suficiente para convencer a Ministra \u201cque a banana est\u00e1 comendo o macaco?\u201d.<\/p>\n<p>**<\/p>\n<p><strong>CONVENCEU<\/strong> \u2013 O ex-senador Delc\u00eddio do Amaral Gomez, ao participar do programa Roda Viva (TV Cultura), voltou afirmar que \u201cn\u00e3o agiu por conta pr\u00f3pria\u201d ao negociar a fuga de Nestor Cerver\u00f3.<\/p>\n<p>**<\/p>\n<p><strong>OS MENTORES<\/strong> \u2013 Segundo o ex-representante de Mato Grosso do Sul no Senado da Rep\u00fablica, Luiz In\u00e1cio Lula da Silva e Dilma Vana Rousseff s\u00e3o as pessoas que estavam por traz da negociata criminosa.<\/p>\n<p>**<\/p>\n<p><strong>EXPECTATIVA<\/strong> \u2013 Existe por parte da popula\u00e7\u00e3o sul-mato-grossense muita confian\u00e7a em rela\u00e7\u00e3o ao desempenho do mais novo componente da bancada federal do Estado: Senador Pedro Chaves dos Santos.<\/p>\n<p>**<\/p>\n<p><strong>SILENCIOSAMENTE<\/strong> \u2013 O secret\u00e1rio municipal de Finan\u00e7as, Disney Fernandes, est\u00e1 conseguindo recuperar os estragos que Alcides Bernal herdou quando assumiu a administra\u00e7\u00e3o campo-grandense.<\/p>\n<p>**<\/p>\n<p><strong>PROVIDENCIAL<\/strong> \u2013 O governador Reinaldo Azambuja (PSDB) chamou para si a responsabilidade de promover a regulariza\u00e7\u00e3o dos chamados \u2018contratos de gaveta\u2019 dos im\u00f3veis da Ag\u00eancia Estadual de Habita\u00e7\u00e3o.<\/p>\n<p>**<\/p>\n<p><strong>FRONTEIRA<\/strong> \u2013 Desde que assumiu o comando do 4\u00ba BPM de Ponta Por\u00e3, o tenente-coronel Waldomiro Centuri\u00e3o passou a buscar o apoio de outros organismos para uma seguran\u00e7a ainda mais eficaz.<\/p>\n<p>**<\/p>\n<p><strong>EXAGERO<\/strong> \u2013 Cada deputado federal custa ao contribuinte brasileiro algo em torno de R$ 10 milh\u00f5es. Assim \u00e9 dif\u00edcil que aja parlamentar interessado em querer abrir m\u00e3o do mandato, ou seja: largar a boquinha!<\/p>\n<p>**<\/p>\n<p><strong>N\u00c3O COMPENSA<\/strong> &#8211; O juiz federal S\u00e9rgio Moro, condenou o ex-ministro Jos\u00e9 Dirceu a 23 anos e tr\u00eas meses de pris\u00e3o pelos crimes de corrup\u00e7\u00e3o, de lavagem e de pertin\u00eancia \u00e0 organiza\u00e7\u00e3o criminosa.<\/p>\n<p>**<\/p>\n<p><strong>ABRIR O BICO<\/strong> \u2013 Para o ex-todo poderoso petista descartado pelos \u2018companheiros\u2019, j\u00e1 que a pena a ser cumprida inicialmente ser\u00e1 em regime fechado, pensar em dela\u00e7\u00e3o premiada n\u00e3o \u00e9 mau neg\u00f3cio.<\/p>\n<p>**<\/p>\n<p><strong>AGUARDEM<\/strong> \u2013 N\u00e3o ser\u00e1 nenhuma surpresa para o trabalhador assalariado se o limite m\u00ednimo de idade para se aposentar no Brasil ficar entre 65 e 70 anos. \u00c9 que a nossa expectativa de vida aumentou<\/p>\n<p>**<\/p>\n<p><strong>NABABESCO<\/strong> \u2013 Enquanto o Estado n\u00e3o consegue suprir a falta de vacina, oferecer moradia digna, seguran\u00e7a para os que est\u00e3o presos em casa, se gasta uma fortuna no passeio da tocha ol\u00edmpica.<\/p>\n<p>**<\/p>\n<p><strong>CONF\u00daCIO <\/strong>\u2013 \u201c<strong><em>A humildade \u00e9 a \u00fanica base s\u00f3lida de todas as virtudes. N\u00e3o corrigir nossas faltas \u00e9 o mesmo que cometer novos erros<\/em><\/strong>.\u201d<\/p>\n","protected":false},"excerpt":{"rendered":"<p>E AGORA? \u2013 A ministra Rosa Weber, do Supremo Tribunal Federal, determinou que a presidenta afastada Dilma Rousseff fosse notificada sobre interpela\u00e7\u00e3o judicial proposta por deputados que questionam o fato de a presidenta classificar o processo de impeachment\u00a0de \u201cgolpe de Estado\u201d. ** DEFENSOR \u2013 No despacho, a ministra concedeu prazo de dez dias para que [&hellip;]<\/p>\n","protected":false},"author":4,"featured_media":25407,"comment_status":"closed","ping_status":"closed","sticky":false,"template":"","format":"standard","meta":{"footnotes":""},"categories":[37],"tags":[],"class_list":["post-28000","post","type-post","status-publish","format-standard","has-post-thumbnail","hentry","category-politica"],"_links":{"self":[{"href":"https:\/\/www.ocorreionews.com.br\/acervo-correio\/index.php?rest_route=\/wp\/v2\/posts\/28000","targetHints":{"allow":["GET"]}}],"collection":[{"href":"https:\/\/www.ocorreionews.com.br\/acervo-correio\/index.php?rest_route=\/wp\/v2\/posts"}],"about":[{"href":"https:\/\/www.ocorreionews.com.br\/acervo-correio\/index.php?rest_route=\/wp\/v2\/types\/post"}],"author":[{"embeddable":true,"href":"https:\/\/www.ocorreionews.com.br\/acervo-correio\/index.php?rest_route=\/wp\/v2\/users\/4"}],"replies":[{"embeddable":true,"href":"https:\/\/www.ocorreionews.com.br\/acervo-correio\/index.php?rest_route=%2Fwp%2Fv2%2Fcomments&post=28000"}],"version-history":[{"count":0,"href":"https:\/\/www.ocorreionews.com.br\/acervo-correio\/index.php?rest_route=\/wp\/v2\/posts\/28000\/revisions"}],"wp:featuredmedia":[{"embeddable":true,"href":"https:\/\/www.ocorreionews.com.br\/acervo-correio\/index.php?rest_route=\/wp\/v2\/media\/25407"}],"wp:attachment":[{"href":"https:\/\/www.ocorreionews.com.br\/acervo-correio\/index.php?rest_route=%2Fwp%2Fv2%2Fmedia&parent=28000"}],"wp:term":[{"taxonomy":"category","embeddable":true,"href":"https:\/\/www.ocorreionews.com.br\/acervo-correio\/index.php?rest_route=%2Fwp%2Fv2%2Fcategories&post=28000"},{"taxonomy":"post_tag","embeddable":true,"href":"https:\/\/www.ocorreionews.com.br\/acervo-correio\/index.php?rest_route=%2Fwp%2Fv2%2Ftags&post=28000"}],"curies":[{"name":"wp","href":"https:\/\/api.w.org\/{rel}","templated":true}]}}