{"id":28002,"date":"2016-05-21T07:42:25","date_gmt":"2016-05-21T11:42:25","guid":{"rendered":"https:\/\/ocorreionews.com.br\/?p=28002"},"modified":"2016-05-21T07:42:25","modified_gmt":"2016-05-21T11:42:25","slug":"costa-rica-realiza-7a-edicao-da-feira-rica-dia-1o-de-junho-a-partir-das-18h-no-mercado-do-produtor","status":"publish","type":"post","link":"https:\/\/www.ocorreionews.com.br\/acervo-correio\/?p=28002","title":{"rendered":"Costa Rica realiza 7\u00aa edi\u00e7\u00e3o da Feira Rica dia 1\u00ba de junho, a partir das 18h, no Mercado do Produtor"},"content":{"rendered":"<div class=\"marginBottom30px link-Internas\">\n<p>O Governo de Costa Rica \u2013 MS por meio da SEMAD- Secretaria Municipal de Agricultura e Desenvolvimento em parceria com empreendedores da cidade realizam no dia 1\u00ba de junho de 2016 (quarta-feira), a partir das 18 horas, a 7\u00aa edi\u00e7\u00e3o do Projeto Feira Rica, no Mercado do Produtor.<\/p>\n<p>O prefeito Waldeli dos Santos Rosa enfatiza que a Feira Rica oportuniza um espa\u00e7o para que os empreendedores da cidade exponham seus produtos e possam conquistar a credibilidade do cliente.<\/p>\n<p>Para o secret\u00e1rio de Agricultura e Desenvolvimento Keyler Simey Garcia Barbosa, o evento promove o com\u00e9rcio local e oferece lazer para a popula\u00e7\u00e3o de Costa Rica. \u201cDevemos lembrar que em todas as edi\u00e7\u00f5es s\u00e3o realizados sorteios de brindes a cada meia hora e trimestralmente \u00e9 sorteado um mega pr\u00eamio\u201d, frisou.<\/p>\n<p>O Projeto Feira Rica \u00e9 realizado sempre que poss\u00edvel, na primeira quarta-feira do m\u00eas e oferece produtos e servi\u00e7os dos mais variados seguimentos.<\/p>\n<\/div>\n<div class=\"marginBottom30px link-Internas\">ASSECOM\/PMCR<\/div>\n","protected":false},"excerpt":{"rendered":"<p>O Governo de Costa Rica \u2013 MS por meio da SEMAD- Secretaria Municipal de Agricultura e Desenvolvimento em parceria com empreendedores da cidade realizam no dia 1\u00ba de junho de 2016 (quarta-feira), a partir das 18 horas, a 7\u00aa edi\u00e7\u00e3o do Projeto Feira Rica, no Mercado do Produtor. O prefeito Waldeli dos Santos Rosa enfatiza [&hellip;]<\/p>\n","protected":false},"author":4,"featured_media":28003,"comment_status":"closed","ping_status":"closed","sticky":false,"template":"","format":"standard","meta":{"footnotes":""},"categories":[25],"tags":[],"class_list":["post-28002","post","type-post","status-publish","format-standard","has-post-thumbnail","hentry","category-costa-rica"],"_links":{"self":[{"href":"https:\/\/www.ocorreionews.com.br\/acervo-correio\/index.php?rest_route=\/wp\/v2\/posts\/28002","targetHints":{"allow":["GET"]}}],"collection":[{"href":"https:\/\/www.ocorreionews.com.br\/acervo-correio\/index.php?rest_route=\/wp\/v2\/posts"}],"about":[{"href":"https:\/\/www.ocorreionews.com.br\/acervo-correio\/index.php?rest_route=\/wp\/v2\/types\/post"}],"author":[{"embeddable":true,"href":"https:\/\/www.ocorreionews.com.br\/acervo-correio\/index.php?rest_route=\/wp\/v2\/users\/4"}],"replies":[{"embeddable":true,"href":"https:\/\/www.ocorreionews.com.br\/acervo-correio\/index.php?rest_route=%2Fwp%2Fv2%2Fcomments&post=28002"}],"version-history":[{"count":0,"href":"https:\/\/www.ocorreionews.com.br\/acervo-correio\/index.php?rest_route=\/wp\/v2\/posts\/28002\/revisions"}],"wp:featuredmedia":[{"embeddable":true,"href":"https:\/\/www.ocorreionews.com.br\/acervo-correio\/index.php?rest_route=\/wp\/v2\/media\/28003"}],"wp:attachment":[{"href":"https:\/\/www.ocorreionews.com.br\/acervo-correio\/index.php?rest_route=%2Fwp%2Fv2%2Fmedia&parent=28002"}],"wp:term":[{"taxonomy":"category","embeddable":true,"href":"https:\/\/www.ocorreionews.com.br\/acervo-correio\/index.php?rest_route=%2Fwp%2Fv2%2Fcategories&post=28002"},{"taxonomy":"post_tag","embeddable":true,"href":"https:\/\/www.ocorreionews.com.br\/acervo-correio\/index.php?rest_route=%2Fwp%2Fv2%2Ftags&post=28002"}],"curies":[{"name":"wp","href":"https:\/\/api.w.org\/{rel}","templated":true}]}}