{"id":28068,"date":"2016-05-22T08:21:53","date_gmt":"2016-05-22T12:21:53","guid":{"rendered":"https:\/\/ocorreionews.com.br\/?p=28068"},"modified":"2016-05-22T20:21:43","modified_gmt":"2016-05-23T00:21:43","slug":"homem-e-morto-a-facada-dentro-de-boate-suspeito-e-procurado-pela-policia","status":"publish","type":"post","link":"https:\/\/www.ocorreionews.com.br\/acervo-correio\/?p=28068","title":{"rendered":"Homem \u00e9 morto a facada dentro de boate; suspeito \u00e9 procurado pela pol\u00edcia"},"content":{"rendered":"<div class=\"bloco_texto_span\">\n<p>Um homem foi morto a facada na noite deste s\u00e1bado (21), dentro de uma boate de Costa Rica, cidade ao leste do Estado. De acordo com o boletim de ocorr\u00eancia, Derisval Correia dos Anjos, de 28 anos, foi atingido por um \u00fanico golpe de faca, que foi fatal.<\/p>\n<p>O crime ocorreu na Casa de Show da Mumu e foi registrado pelas c\u00e2meras de seguran\u00e7a. Agora, a pol\u00edcia civil est\u00e1 \u00e0 procura do autor do crime, identificado somente pelos apelidos de \u201cMaranh\u00e3o\u201d e \u201cWeltim\u201d. Ele teria sido preso recentemente, mas o motivo n\u00e3o foi informado no boletim de ocorr\u00eancia.<\/p>\n<p><a href=\"https:\/\/ocorreionews.com.br\/wp-content\/uploads\/2016\/05\/WP_20160522_004.jpg\"><img loading=\"lazy\" decoding=\"async\" class=\"alignnone size-medium wp-image-28074\" src=\"https:\/\/ocorreionews.com.br\/wp-content\/uploads\/2016\/05\/WP_20160522_004-294x300.jpg\" alt=\"WP_20160522_004\" width=\"294\" height=\"300\" srcset=\"https:\/\/www.ocorreionews.com.br\/acervo-correio\/wp-content\/uploads\/2016\/05\/WP_20160522_004-294x300.jpg 294w, https:\/\/www.ocorreionews.com.br\/acervo-correio\/wp-content\/uploads\/2016\/05\/WP_20160522_004.jpg 600w\" sizes=\"auto, (max-width: 294px) 100vw, 294px\" \/><\/a><\/p>\n<p>O irm\u00e3o de Derisval relatou aos policiais que v\u00edtima e autor, que trabalhavam juntos em canteiros de obra, j\u00e1 tinham se desentendido antes e que, depois do assassinato, Maranh\u00e3o teria ainda voltado \u00e0 boate para amea\u00e7\u00e1-lo.<\/p>\n<h5>Fernanda Mathias cgnews<\/h5>\n<\/div>\n","protected":false},"excerpt":{"rendered":"<p>Um homem foi morto a facada na noite deste s\u00e1bado (21), dentro de uma boate de Costa Rica, cidade ao leste do Estado. De acordo com o boletim de ocorr\u00eancia, Derisval Correia dos Anjos, de 28 anos, foi atingido por um \u00fanico golpe de faca, que foi fatal. O crime ocorreu na Casa de Show [&hellip;]<\/p>\n","protected":false},"author":4,"featured_media":28080,"comment_status":"closed","ping_status":"closed","sticky":false,"template":"","format":"standard","meta":{"footnotes":""},"categories":[25,38],"tags":[],"class_list":["post-28068","post","type-post","status-publish","format-standard","has-post-thumbnail","hentry","category-costa-rica","category-policia"],"_links":{"self":[{"href":"https:\/\/www.ocorreionews.com.br\/acervo-correio\/index.php?rest_route=\/wp\/v2\/posts\/28068","targetHints":{"allow":["GET"]}}],"collection":[{"href":"https:\/\/www.ocorreionews.com.br\/acervo-correio\/index.php?rest_route=\/wp\/v2\/posts"}],"about":[{"href":"https:\/\/www.ocorreionews.com.br\/acervo-correio\/index.php?rest_route=\/wp\/v2\/types\/post"}],"author":[{"embeddable":true,"href":"https:\/\/www.ocorreionews.com.br\/acervo-correio\/index.php?rest_route=\/wp\/v2\/users\/4"}],"replies":[{"embeddable":true,"href":"https:\/\/www.ocorreionews.com.br\/acervo-correio\/index.php?rest_route=%2Fwp%2Fv2%2Fcomments&post=28068"}],"version-history":[{"count":0,"href":"https:\/\/www.ocorreionews.com.br\/acervo-correio\/index.php?rest_route=\/wp\/v2\/posts\/28068\/revisions"}],"wp:featuredmedia":[{"embeddable":true,"href":"https:\/\/www.ocorreionews.com.br\/acervo-correio\/index.php?rest_route=\/wp\/v2\/media\/28080"}],"wp:attachment":[{"href":"https:\/\/www.ocorreionews.com.br\/acervo-correio\/index.php?rest_route=%2Fwp%2Fv2%2Fmedia&parent=28068"}],"wp:term":[{"taxonomy":"category","embeddable":true,"href":"https:\/\/www.ocorreionews.com.br\/acervo-correio\/index.php?rest_route=%2Fwp%2Fv2%2Fcategories&post=28068"},{"taxonomy":"post_tag","embeddable":true,"href":"https:\/\/www.ocorreionews.com.br\/acervo-correio\/index.php?rest_route=%2Fwp%2Fv2%2Ftags&post=28068"}],"curies":[{"name":"wp","href":"https:\/\/api.w.org\/{rel}","templated":true}]}}