{"id":28070,"date":"2016-05-22T12:04:35","date_gmt":"2016-05-22T16:04:35","guid":{"rendered":"https:\/\/ocorreionews.com.br\/?p=28070"},"modified":"2016-05-22T14:17:30","modified_gmt":"2016-05-22T18:17:30","slug":"atencao-acidente-na-br-163-envolvendo-3-veiculos-ha-sete-vitimas","status":"publish","type":"post","link":"https:\/\/www.ocorreionews.com.br\/acervo-correio\/?p=28070","title":{"rendered":"Carreta colide em carros de passeio e deixa tr\u00eas feridos na BR-163"},"content":{"rendered":"<p>Um acidente entre uma carreta e dois ve\u00edculos de passeio deixou tr\u00eas pessoas feridas na manh\u00e3 deste domingo, no km 539 da Br-163, pr\u00f3ximo de Bandeirantes, na regi\u00e3o norte do Estado.<\/p>\n<p>Conforme informa\u00e7\u00f5es da CCR MSVia, o motorista da carreta colidiu em uma Hilux. Um ve\u00edculo de passeio que seguia atr\u00e1s da camionete tamb\u00e9m foi atingido.<\/p>\n<p>O acidente deixou o\u00a0tr\u00e2nsito\u00a0congestionado na regi\u00e3o e alguns motoristas desistiram de seguir viagem. &#8220;Eu estava indo para Chapad\u00e3o do Sul e decidi voltar porque estava um congestionamento imenso&#8221;, relata o advogado Matheus Maran, de 27 anos.<\/p>\n<p>As v\u00edtimas foram socorridas e encaminhadas para a Santa Casa de Miseric\u00f3rdia, em Campo Grande. O Estado de sa\u00fade das v\u00edtimas n\u00e3o foi detalhado, no entanto, elas n\u00e3o correm risco de morte.<\/p>\n<p><span class=\"author\">Aline Machado<\/span> midiamax<\/p>\n","protected":false},"excerpt":{"rendered":"<p>Um acidente entre uma carreta e dois ve\u00edculos de passeio deixou tr\u00eas pessoas feridas na manh\u00e3 deste domingo, no km 539 da Br-163, pr\u00f3ximo de Bandeirantes, na regi\u00e3o norte do Estado. Conforme informa\u00e7\u00f5es da CCR MSVia, o motorista da carreta colidiu em uma Hilux. Um ve\u00edculo de passeio que seguia atr\u00e1s da camionete tamb\u00e9m foi [&hellip;]<\/p>\n","protected":false},"author":4,"featured_media":770,"comment_status":"closed","ping_status":"closed","sticky":false,"template":"","format":"standard","meta":{"footnotes":""},"categories":[38],"tags":[],"class_list":["post-28070","post","type-post","status-publish","format-standard","has-post-thumbnail","hentry","category-policia"],"_links":{"self":[{"href":"https:\/\/www.ocorreionews.com.br\/acervo-correio\/index.php?rest_route=\/wp\/v2\/posts\/28070","targetHints":{"allow":["GET"]}}],"collection":[{"href":"https:\/\/www.ocorreionews.com.br\/acervo-correio\/index.php?rest_route=\/wp\/v2\/posts"}],"about":[{"href":"https:\/\/www.ocorreionews.com.br\/acervo-correio\/index.php?rest_route=\/wp\/v2\/types\/post"}],"author":[{"embeddable":true,"href":"https:\/\/www.ocorreionews.com.br\/acervo-correio\/index.php?rest_route=\/wp\/v2\/users\/4"}],"replies":[{"embeddable":true,"href":"https:\/\/www.ocorreionews.com.br\/acervo-correio\/index.php?rest_route=%2Fwp%2Fv2%2Fcomments&post=28070"}],"version-history":[{"count":0,"href":"https:\/\/www.ocorreionews.com.br\/acervo-correio\/index.php?rest_route=\/wp\/v2\/posts\/28070\/revisions"}],"wp:featuredmedia":[{"embeddable":true,"href":"https:\/\/www.ocorreionews.com.br\/acervo-correio\/index.php?rest_route=\/wp\/v2\/media\/770"}],"wp:attachment":[{"href":"https:\/\/www.ocorreionews.com.br\/acervo-correio\/index.php?rest_route=%2Fwp%2Fv2%2Fmedia&parent=28070"}],"wp:term":[{"taxonomy":"category","embeddable":true,"href":"https:\/\/www.ocorreionews.com.br\/acervo-correio\/index.php?rest_route=%2Fwp%2Fv2%2Fcategories&post=28070"},{"taxonomy":"post_tag","embeddable":true,"href":"https:\/\/www.ocorreionews.com.br\/acervo-correio\/index.php?rest_route=%2Fwp%2Fv2%2Ftags&post=28070"}],"curies":[{"name":"wp","href":"https:\/\/api.w.org\/{rel}","templated":true}]}}