{"id":28091,"date":"2016-05-23T09:33:42","date_gmt":"2016-05-23T13:33:42","guid":{"rendered":"https:\/\/ocorreionews.com.br\/?p=28091"},"modified":"2016-05-23T09:33:42","modified_gmt":"2016-05-23T13:33:42","slug":"nesta-segunda-feira-tem-reuniao-do-proerd-pais-em-chapadao-do-sul-primeira-reuniao-poucos-pais-compareceram","status":"publish","type":"post","link":"https:\/\/www.ocorreionews.com.br\/acervo-correio\/?p=28091","title":{"rendered":"Nesta segunda-feira tem reuni\u00e3o do PROERD pais em Chapad\u00e3o do Sul, primeira reuni\u00e3o poucos pais compareceram"},"content":{"rendered":"<p>O PROERD- O \u201cprograma educacional de Resist\u00eancia \u00e0s drogas\u201d \u00e9 a vers\u00e3o brasileira do programa norte americano D.A.R.E \u2013 Drug Abuse Resistence Education, e tem al\u00e7ados importante resultados na preven\u00e7\u00e3o \u00e0s drogas e a viol\u00eancia.<\/p>\n<p>O Programa foi implantado em 1992. Em Chapad\u00e3o do Sul contamos com o PROERD nas s\u00e9ries de 5\u00ba anos em todas as escolas da cidade, o PROERD da Educa\u00e7\u00e3o infantil (desenvolvido nas escolas municipais) e, agora Chapad\u00e3o do Sul receber\u00e1 o Proerd Pais.<\/p>\n<p>O Proerd Pais conta com o Conte\u00fado Curricular dividido em cinco li\u00e7\u00f5es que se concentram em fornecer aos pais informa\u00e7\u00f5es relevantes sobre drogas, uso e experimenta\u00e7\u00e3o de drogas, viol\u00eancia e aptid\u00f5es de como orientar. Durante as cinco li\u00e7\u00f5es, os pais aprender\u00e3o maneiras atrav\u00e9s das quais poder\u00e3o criar um ambiente positivo que beneficiar\u00e1 a boa sa\u00fade e o bem estar de seus filhos.<\/p>\n<p>O Proerd Pais \u00e9 uma atividade educacional preventiva um fator de prote\u00e7\u00e3o desenvolvido pela Policia Militar com apoio da Secretaria Municipal de Educa\u00e7\u00e3o para a Valoriza\u00e7\u00e3o da Vida, buscando contribuir para a cultura da Paz e a constru\u00e7\u00e3o de uma sociedade mais saud\u00e1vel, feliz e principalmente mais segura.<\/p>\n<p>Em Chapad\u00e3o do Sul o programa voltado aos pais ser\u00e1 desenvolvido com os pais dos alunos de 5\u00ba anos, devido a vulnerabilidade desta faixa et\u00e1ria, e ser\u00e1 dividido em duas etapas. Na primeira etapa ser\u00e3o convidados a participar os pais das escolas:<\/p>\n<ul>\n<li>Escola Municipal Carlos Drummond de Andrade<\/li>\n<li>Escola CEPE<\/li>\n<li>Escola Estadual Jorge Amado<\/li>\n<li>Escola MAPER<\/li>\n<\/ul>\n<p>As Demais Escolas far\u00e3o parte na segunda etapa do curso.<\/p>\n<p>Os encontros acontecer\u00e3o \u00e0s 19 horas, na Escola Carlos Drummond de Andrade, nas seguintes datas:<\/p>\n<ul>\n<li>23 de maio<\/li>\n<li>30 de maio<\/li>\n<li>06 de junho<\/li>\n<li>13 de junho<\/li>\n<\/ul>\n<p><img loading=\"lazy\" decoding=\"async\" class=\"\" src=\"http:\/\/www.chapadaodosul.ms.gov.br\/admin\/arquivos\/images\/images%20%284%29.jpg\" alt=\"\" width=\"469\" height=\"362\" \/><\/p>\n<p>Assessoria<\/p>\n","protected":false},"excerpt":{"rendered":"<p>O PROERD- O \u201cprograma educacional de Resist\u00eancia \u00e0s drogas\u201d \u00e9 a vers\u00e3o brasileira do programa norte americano D.A.R.E \u2013 Drug Abuse Resistence Education, e tem al\u00e7ados importante resultados na preven\u00e7\u00e3o \u00e0s drogas e a viol\u00eancia. O Programa foi implantado em 1992. Em Chapad\u00e3o do Sul contamos com o PROERD nas s\u00e9ries de 5\u00ba anos em [&hellip;]<\/p>\n","protected":false},"author":4,"featured_media":28092,"comment_status":"closed","ping_status":"closed","sticky":false,"template":"","format":"standard","meta":{"footnotes":""},"categories":[23],"tags":[],"class_list":["post-28091","post","type-post","status-publish","format-standard","has-post-thumbnail","hentry","category-chapadao-do-sul"],"_links":{"self":[{"href":"https:\/\/www.ocorreionews.com.br\/acervo-correio\/index.php?rest_route=\/wp\/v2\/posts\/28091","targetHints":{"allow":["GET"]}}],"collection":[{"href":"https:\/\/www.ocorreionews.com.br\/acervo-correio\/index.php?rest_route=\/wp\/v2\/posts"}],"about":[{"href":"https:\/\/www.ocorreionews.com.br\/acervo-correio\/index.php?rest_route=\/wp\/v2\/types\/post"}],"author":[{"embeddable":true,"href":"https:\/\/www.ocorreionews.com.br\/acervo-correio\/index.php?rest_route=\/wp\/v2\/users\/4"}],"replies":[{"embeddable":true,"href":"https:\/\/www.ocorreionews.com.br\/acervo-correio\/index.php?rest_route=%2Fwp%2Fv2%2Fcomments&post=28091"}],"version-history":[{"count":0,"href":"https:\/\/www.ocorreionews.com.br\/acervo-correio\/index.php?rest_route=\/wp\/v2\/posts\/28091\/revisions"}],"wp:featuredmedia":[{"embeddable":true,"href":"https:\/\/www.ocorreionews.com.br\/acervo-correio\/index.php?rest_route=\/wp\/v2\/media\/28092"}],"wp:attachment":[{"href":"https:\/\/www.ocorreionews.com.br\/acervo-correio\/index.php?rest_route=%2Fwp%2Fv2%2Fmedia&parent=28091"}],"wp:term":[{"taxonomy":"category","embeddable":true,"href":"https:\/\/www.ocorreionews.com.br\/acervo-correio\/index.php?rest_route=%2Fwp%2Fv2%2Fcategories&post=28091"},{"taxonomy":"post_tag","embeddable":true,"href":"https:\/\/www.ocorreionews.com.br\/acervo-correio\/index.php?rest_route=%2Fwp%2Fv2%2Ftags&post=28091"}],"curies":[{"name":"wp","href":"https:\/\/api.w.org\/{rel}","templated":true}]}}