{"id":28326,"date":"2016-05-26T14:42:46","date_gmt":"2016-05-26T18:42:46","guid":{"rendered":"https:\/\/ocorreionews.com.br\/?p=28326"},"modified":"2016-05-28T09:16:26","modified_gmt":"2016-05-28T13:16:26","slug":"catolicos-celebram-o-corpus-christi-em-chapadao-do-sul","status":"publish","type":"post","link":"https:\/\/www.ocorreionews.com.br\/acervo-correio\/?p=28326","title":{"rendered":"Cat\u00f3licos celebram o Corpus Christi em Chapad\u00e3o do Sul"},"content":{"rendered":"<p style=\"text-align: justify;\">Nesta manh\u00e3, cat\u00f3licos de Chapad\u00e3o do Sul, celebraram o Corpus Christi com cerim\u00f4nia especial, missas, prociss\u00f5es e confec\u00e7\u00f5es de tapetes em torno da Pra\u00e7a de Eventos. Um dos momentos mais importantes para os cat\u00f3licos, o Dia do Corpo de Deus re\u00fane fi\u00e9is na adora\u00e7\u00e3o e exalta\u00e7\u00e3o da Eucaristia.<\/p>\n<p style=\"text-align: justify;\">O trabalho normalmente come\u00e7a durante a madrugada, quando os fi\u00e9is iniciam a montagem decorativa com desenhos que expressam a f\u00e9 e os s\u00edmbolos que representam o Sant\u00edssimo Sacramento, mas, algumas entidades participantes, realizaram os preparativos na noite da quarta-feira.<\/p>\n<p style=\"text-align: justify;\"><a href=\"https:\/\/ocorreionews.com.br\/2016\/05\/26\/corpus-christi-chapadao-do-sul\/\"><span style=\"color: #ff0000;\"><strong>VEJA A GALERIA DE FOTOS<\/strong><\/span><\/a><\/p>\n<p style=\"text-align: justify;\"><a href=\"https:\/\/ocorreionews.com.br\/wp-content\/uploads\/2016\/05\/DSC_8935.jpg\"><img loading=\"lazy\" decoding=\"async\" class=\"alignnone size-medium wp-image-28308\" src=\"https:\/\/ocorreionews.com.br\/wp-content\/uploads\/2016\/05\/DSC_8935-300x199.jpg\" alt=\"DSC_8935\" width=\"300\" height=\"199\" srcset=\"https:\/\/www.ocorreionews.com.br\/acervo-correio\/wp-content\/uploads\/2016\/05\/DSC_8935-300x199.jpg 300w, https:\/\/www.ocorreionews.com.br\/acervo-correio\/wp-content\/uploads\/2016\/05\/DSC_8935.jpg 650w\" sizes=\"auto, (max-width: 300px) 100vw, 300px\" \/><\/a><\/p>\n<p style=\"text-align: justify;\">A par\u00f3quia de S\u00e3o Pedro ficou pequena para o grande n\u00famero de fi\u00e9is, que compareceram para a celebra\u00e7\u00e3o da Santa Missa, pelos padres Marc\u00edlio e Mauricio. Na sequ\u00eancia foi realizada a prociss\u00e3o em torno da pra\u00e7a, sobre os tapetes constru\u00eddas pelas paroquias, entidades e escolas<\/p>\n","protected":false},"excerpt":{"rendered":"<p>Nesta manh\u00e3, cat\u00f3licos de Chapad\u00e3o do Sul, celebraram o Corpus Christi com cerim\u00f4nia especial, missas, prociss\u00f5es e confec\u00e7\u00f5es de tapetes em torno da Pra\u00e7a de Eventos. Um dos momentos mais importantes para os cat\u00f3licos, o Dia do Corpo de Deus re\u00fane fi\u00e9is na adora\u00e7\u00e3o e exalta\u00e7\u00e3o da Eucaristia. O trabalho normalmente come\u00e7a durante a madrugada, [&hellip;]<\/p>\n","protected":false},"author":4,"featured_media":28318,"comment_status":"closed","ping_status":"closed","sticky":false,"template":"","format":"standard","meta":{"footnotes":""},"categories":[23],"tags":[],"class_list":["post-28326","post","type-post","status-publish","format-standard","has-post-thumbnail","hentry","category-chapadao-do-sul"],"_links":{"self":[{"href":"https:\/\/www.ocorreionews.com.br\/acervo-correio\/index.php?rest_route=\/wp\/v2\/posts\/28326","targetHints":{"allow":["GET"]}}],"collection":[{"href":"https:\/\/www.ocorreionews.com.br\/acervo-correio\/index.php?rest_route=\/wp\/v2\/posts"}],"about":[{"href":"https:\/\/www.ocorreionews.com.br\/acervo-correio\/index.php?rest_route=\/wp\/v2\/types\/post"}],"author":[{"embeddable":true,"href":"https:\/\/www.ocorreionews.com.br\/acervo-correio\/index.php?rest_route=\/wp\/v2\/users\/4"}],"replies":[{"embeddable":true,"href":"https:\/\/www.ocorreionews.com.br\/acervo-correio\/index.php?rest_route=%2Fwp%2Fv2%2Fcomments&post=28326"}],"version-history":[{"count":0,"href":"https:\/\/www.ocorreionews.com.br\/acervo-correio\/index.php?rest_route=\/wp\/v2\/posts\/28326\/revisions"}],"wp:featuredmedia":[{"embeddable":true,"href":"https:\/\/www.ocorreionews.com.br\/acervo-correio\/index.php?rest_route=\/wp\/v2\/media\/28318"}],"wp:attachment":[{"href":"https:\/\/www.ocorreionews.com.br\/acervo-correio\/index.php?rest_route=%2Fwp%2Fv2%2Fmedia&parent=28326"}],"wp:term":[{"taxonomy":"category","embeddable":true,"href":"https:\/\/www.ocorreionews.com.br\/acervo-correio\/index.php?rest_route=%2Fwp%2Fv2%2Fcategories&post=28326"},{"taxonomy":"post_tag","embeddable":true,"href":"https:\/\/www.ocorreionews.com.br\/acervo-correio\/index.php?rest_route=%2Fwp%2Fv2%2Ftags&post=28326"}],"curies":[{"name":"wp","href":"https:\/\/api.w.org\/{rel}","templated":true}]}}