{"id":28343,"date":"2016-05-27T09:08:12","date_gmt":"2016-05-27T13:08:12","guid":{"rendered":"https:\/\/ocorreionews.com.br\/?p=28343"},"modified":"2016-05-27T09:15:40","modified_gmt":"2016-05-27T13:15:40","slug":"suspeito-de-participar-de-estupro-coletivo-no-rio-e-jogador-do-boavista","status":"publish","type":"post","link":"https:\/\/www.ocorreionews.com.br\/acervo-correio\/?p=28343","title":{"rendered":"Suspeito de participar de estupro coletivo no Rio \u00e9 jogador profissional"},"content":{"rendered":"<p>Um dos quatro suspeitos acusados pela Pol\u00edcia Civil do Rio de Janeiro de participar do estupro coletivo de uma jovem de 16 anos \u00e9 jogador do Boavista, time da primeira divis\u00e3o do Carioca. Lucas Perdomo Duarte Santos, de 20 anos, est\u00e1 foragido desde o in\u00edcio da noite desta quinta-feira.<\/p>\n<p>Ele teria inclusive um relacionamento com a v\u00edtima, que foi violentada por pelo menos 30 homens. Luquinhas, como \u00e9 conhecido dentro do clube de Saquarema, Regi\u00e3o dos Lagos do estado, \u00e9 tido como uma das grandes promessas da base do clube e foi descoberto pelo holand\u00eas Clarence Seedorf. Lucas \u00e9 filho de uma dom\u00e9stica e de um pastor evang\u00e9lico. Ele estava de f\u00e9rias do clube desde o fim do Campeonato Carioca.<\/p>\n<p>De acordo com informa\u00e7\u00f5es do G1, a adolescente de 16 anos foi estuprada no \u00faltimo s\u00e1bado, em uma comunidade da Zona Oeste do Rio de Janeiro. Em depoimento \u00e0 pol\u00edcia, ela disse ter ido \u00e0 casa de Lucas Perdomo, com quem ela se relacionava h\u00e1 tr\u00eas anos, e de se lembrar de estar a s\u00f3s na casa dele. Depois, se lembra apenas de acordar no domingo, em outra casa na mesma comunidade,\u00a0dopada, nua e com 33 homens armados com fuzis e pistolas.<\/p>\n<p>Acompanhe a cobertura completa do caso no G1<\/p>\n<div id=\"1a84ae8b-54a0-e395-e83a-932309adeaf4\" class=\"foto componente-conteudo\"><img loading=\"lazy\" decoding=\"async\" title=\"Lucas, do boavista, e seedorf (Foto: Reprodu\u00e7\u00e3o)\" src=\"http:\/\/s2.glbimg.com\/zgloBDmuKkjWBZg0t7QiuSYRyGI=\/0x0:949x739\/690x537\/s.glbimg.com\/es\/ge\/f\/original\/2015\/08\/20\/seedorf.png\" alt=\"Lucas, do boavista, e seedorf (Foto: Reprodu\u00e7\u00e3o)\" width=\"690\" height=\"537\" \/><\/div>\n<div class=\"foto componente-conteudo\"><strong>Lucas recebe abra\u00e7o de Seedorf, seu padrinho e descobridor (Foto: Reprodu\u00e7\u00e3o)<\/strong><\/div>\n<p>O GloboEsporte.com entrou em contato com a diretoria do Boavista na madrugada desta sexta-feira. De acordo com o gestor, Jo\u00e3o Paulo Magalh\u00e3es, o departamento jur\u00eddico do clube j\u00e1 foi acionado para acompanhar o caso. O dirigente teve conhecimento do caso somente ap\u00f3s o nome de Lucas ser divulgado na imprensa como um dos suspeitos.<\/p>\n<p>&#8211; Estou chocado. Oficialmente, o Boavista, assim como todo o Brasil, espera que todos os culpados paguem por essa coisa horr\u00edvel sem precedentes que aconteceu &#8211; disse Magalh\u00e3es.<\/p>\n<div id=\"162b5bbe-4197-2d6b-0117-ecce6da25438\" class=\"videowide componente-conteudo\"><\/div>\n<p>Lucas estreou como profissional no dia 2 de abril de 2014, na derrota do Boavista para o Am\u00e9rica-RN, pela Copa do Brasil. Meia-armador e com um potente chute de esquerda, o menino sempre foi destaque nas categorias de base. N\u00e3o \u00e0 toa, chamou a aten\u00e7\u00e3o e virou uma esp\u00e9cie de xod\u00f3 de Seedorf na \u00e9poca em que o holand\u00eas fez um est\u00e1gio no clube de Saquarema para virar treinador, em 2013 \u2013 foi muito por conta do craque, inclusive, que Lucas conseguiu assinar seu primeiro contrato profissional. Atuou em quatro partidas no Campeonato Carioca deste ano e, desde que subiu efetivamente para o time principal, marcou quatro gols. Seu contrato com o Boavista vai at\u00e9 dezembro deste ano.<\/p>\n<p><strong>Afastado por indisciplina<\/strong><\/p>\n<p>Lucas chegou a ser afastado no Boavista durante a disputa do Campeonato Carioca deste ano. O motivo: faltas e atrasos constantes. No clube, por\u00e9m, a imagem do jogador era de uma pessoa calma, sem qualquer ind\u00edcio de personalidade violenta. No entanto, os atos de indiciplina dificultariam a renova\u00e7\u00e3o do contrato, embora o talento fosse reconhecido. Caso fique provado a participa\u00e7\u00e3o de Lucas no crime, o Boavista vai rescindir o v\u00ednculo com o meio-campo.<\/p>\n<div id=\"3545cf77-e2c2-af7c-382a-9fbaba262ede\" class=\"foto componente-conteudo\"><img loading=\"lazy\" decoding=\"async\" title=\"Bira Ferj nome Lucas Perdomo (Foto: Reprodu\u00e7\u00e3o\/Internet)\" src=\"http:\/\/s2.glbimg.com\/hBBTYfWuSzLIrjSZ6cXpcAu_yKs=\/0x0:1220x532\/690x301\/s.glbimg.com\/es\/ge\/f\/original\/2016\/05\/27\/bira_ferj.jpg\" alt=\"Bira Ferj nome Lucas Perdomo (Foto: Reprodu\u00e7\u00e3o\/Internet)\" width=\"690\" height=\"301\" \/><\/div>\n<div class=\"foto componente-conteudo\"><strong>Nome de Lucas no Boletim Informativo de Registro de Atletas da Ferj (Foto: Reprodu\u00e7\u00e3o\/Internet)<\/strong><\/div>\n<div class=\"foto componente-conteudo\"><\/div>\n<div class=\"foto componente-conteudo\">Por Chandy Teixeira, Gustavo Garcia e T\u00e9baro Schmidt<span class=\"adr\"><span class=\"locality\">Rio de Janeiro<\/span><\/span>-globo esporte<\/div>\n","protected":false},"excerpt":{"rendered":"<p>Um dos quatro suspeitos acusados pela Pol\u00edcia Civil do Rio de Janeiro de participar do estupro coletivo de uma jovem de 16 anos \u00e9 jogador do Boavista, time da primeira divis\u00e3o do Carioca. Lucas Perdomo Duarte Santos, de 20 anos, est\u00e1 foragido desde o in\u00edcio da noite desta quinta-feira. Ele teria inclusive um relacionamento com [&hellip;]<\/p>\n","protected":false},"author":4,"featured_media":28344,"comment_status":"closed","ping_status":"closed","sticky":false,"template":"","format":"standard","meta":{"footnotes":""},"categories":[38],"tags":[],"class_list":["post-28343","post","type-post","status-publish","format-standard","has-post-thumbnail","hentry","category-policia"],"_links":{"self":[{"href":"https:\/\/www.ocorreionews.com.br\/acervo-correio\/index.php?rest_route=\/wp\/v2\/posts\/28343","targetHints":{"allow":["GET"]}}],"collection":[{"href":"https:\/\/www.ocorreionews.com.br\/acervo-correio\/index.php?rest_route=\/wp\/v2\/posts"}],"about":[{"href":"https:\/\/www.ocorreionews.com.br\/acervo-correio\/index.php?rest_route=\/wp\/v2\/types\/post"}],"author":[{"embeddable":true,"href":"https:\/\/www.ocorreionews.com.br\/acervo-correio\/index.php?rest_route=\/wp\/v2\/users\/4"}],"replies":[{"embeddable":true,"href":"https:\/\/www.ocorreionews.com.br\/acervo-correio\/index.php?rest_route=%2Fwp%2Fv2%2Fcomments&post=28343"}],"version-history":[{"count":0,"href":"https:\/\/www.ocorreionews.com.br\/acervo-correio\/index.php?rest_route=\/wp\/v2\/posts\/28343\/revisions"}],"wp:featuredmedia":[{"embeddable":true,"href":"https:\/\/www.ocorreionews.com.br\/acervo-correio\/index.php?rest_route=\/wp\/v2\/media\/28344"}],"wp:attachment":[{"href":"https:\/\/www.ocorreionews.com.br\/acervo-correio\/index.php?rest_route=%2Fwp%2Fv2%2Fmedia&parent=28343"}],"wp:term":[{"taxonomy":"category","embeddable":true,"href":"https:\/\/www.ocorreionews.com.br\/acervo-correio\/index.php?rest_route=%2Fwp%2Fv2%2Fcategories&post=28343"},{"taxonomy":"post_tag","embeddable":true,"href":"https:\/\/www.ocorreionews.com.br\/acervo-correio\/index.php?rest_route=%2Fwp%2Fv2%2Ftags&post=28343"}],"curies":[{"name":"wp","href":"https:\/\/api.w.org\/{rel}","templated":true}]}}