{"id":28951,"date":"2016-06-02T10:07:54","date_gmt":"2016-06-02T14:07:54","guid":{"rendered":"https:\/\/ocorreionews.com.br\/?p=28951"},"modified":"2016-06-02T10:07:54","modified_gmt":"2016-06-02T14:07:54","slug":"caminhao-carregado-com-37-toneladas-de-milho-tomba-na-ms-223-proximo-a-rotatoria-da-ms-306","status":"publish","type":"post","link":"https:\/\/www.ocorreionews.com.br\/acervo-correio\/?p=28951","title":{"rendered":"Caminh\u00e3o carregado com 37 toneladas de milho tomba na MS 223 pr\u00f3ximo \u00e0 rotat\u00f3ria da MS 306"},"content":{"rendered":"<div>m caminh\u00e3o bitrem com placas de Dracena-SP carregado com 37 toneladas de milho tombou na MS 223 pr\u00f3ximo a rotat\u00f3ria da Fazenda Monarca, na manh\u00e3 desta quinta-feira, 02 de junho de 2016. A carga ficou espalhada as margens da rodovia.<\/div>\n<div><\/div>\n<div>De acordo com informa\u00e7\u00f5es do Corpo de Bombeiros de Costa Rica-MS, o motorista saiu do Estado de Mato Grosso e seguia para o Paran\u00e1 quando ocorreu o acidente.<\/div>\n<div>Os militares ainda informaram que o motorista dormiu, perdendo o controle da dire\u00e7\u00e3o e tombou.<\/div>\n<div><\/div>\n<div>A v\u00edtima estava bem e recusou atendimento.<\/div>\n<div><\/div>\n<div>Prestaram atendimento \u00e0 ocorr\u00eancia os soldados do Corpo de Bombeiros Mendes, Maykon e Deip.<\/div>\n<div>Costaricaemfoco<\/div>\n","protected":false},"excerpt":{"rendered":"<p>m caminh\u00e3o bitrem com placas de Dracena-SP carregado com 37 toneladas de milho tombou na MS 223 pr\u00f3ximo a rotat\u00f3ria da Fazenda Monarca, na manh\u00e3 desta quinta-feira, 02 de junho de 2016. A carga ficou espalhada as margens da rodovia. De acordo com informa\u00e7\u00f5es do Corpo de Bombeiros de Costa Rica-MS, o motorista saiu do [&hellip;]<\/p>\n","protected":false},"author":4,"featured_media":28952,"comment_status":"closed","ping_status":"closed","sticky":false,"template":"","format":"standard","meta":{"footnotes":""},"categories":[25,38],"tags":[],"class_list":["post-28951","post","type-post","status-publish","format-standard","has-post-thumbnail","hentry","category-costa-rica","category-policia"],"_links":{"self":[{"href":"https:\/\/www.ocorreionews.com.br\/acervo-correio\/index.php?rest_route=\/wp\/v2\/posts\/28951","targetHints":{"allow":["GET"]}}],"collection":[{"href":"https:\/\/www.ocorreionews.com.br\/acervo-correio\/index.php?rest_route=\/wp\/v2\/posts"}],"about":[{"href":"https:\/\/www.ocorreionews.com.br\/acervo-correio\/index.php?rest_route=\/wp\/v2\/types\/post"}],"author":[{"embeddable":true,"href":"https:\/\/www.ocorreionews.com.br\/acervo-correio\/index.php?rest_route=\/wp\/v2\/users\/4"}],"replies":[{"embeddable":true,"href":"https:\/\/www.ocorreionews.com.br\/acervo-correio\/index.php?rest_route=%2Fwp%2Fv2%2Fcomments&post=28951"}],"version-history":[{"count":0,"href":"https:\/\/www.ocorreionews.com.br\/acervo-correio\/index.php?rest_route=\/wp\/v2\/posts\/28951\/revisions"}],"wp:featuredmedia":[{"embeddable":true,"href":"https:\/\/www.ocorreionews.com.br\/acervo-correio\/index.php?rest_route=\/wp\/v2\/media\/28952"}],"wp:attachment":[{"href":"https:\/\/www.ocorreionews.com.br\/acervo-correio\/index.php?rest_route=%2Fwp%2Fv2%2Fmedia&parent=28951"}],"wp:term":[{"taxonomy":"category","embeddable":true,"href":"https:\/\/www.ocorreionews.com.br\/acervo-correio\/index.php?rest_route=%2Fwp%2Fv2%2Fcategories&post=28951"},{"taxonomy":"post_tag","embeddable":true,"href":"https:\/\/www.ocorreionews.com.br\/acervo-correio\/index.php?rest_route=%2Fwp%2Fv2%2Ftags&post=28951"}],"curies":[{"name":"wp","href":"https:\/\/api.w.org\/{rel}","templated":true}]}}