{"id":29317,"date":"2016-06-06T08:48:38","date_gmt":"2016-06-06T12:48:38","guid":{"rendered":"https:\/\/ocorreionews.com.br\/?p=29317"},"modified":"2016-06-06T08:48:38","modified_gmt":"2016-06-06T12:48:38","slug":"jovem-e-morto-com-golpe-de-faca-apos-bebedeira-e-discussao-em-camapua","status":"publish","type":"post","link":"https:\/\/www.ocorreionews.com.br\/acervo-correio\/?p=29317","title":{"rendered":"Jovem \u00e9 morto com golpe de faca ap\u00f3s bebedeira e discuss\u00e3o, em Camapu\u00e3"},"content":{"rendered":"<p>Wesley Fernando da Concei\u00e7\u00e3o da Costa, de 27 anos, foi assassinado com um facada no cora\u00e7\u00e3o , na avenida Pedro Celestino, regi\u00e3o central de Camapu\u00e3.<\/p>\n<p>De acordo com informa\u00e7\u00f5es obtidas, a v\u00edtima consumia bebida alco\u00f3lica juntamente com outros dois homens; o auxiliar de servi\u00e7o gerais,\u00a0Marcelo Acosta, de 38 e o pedreiro\u00a0Givanildo Alexandre soares, de 34 anos. Ambos foram localizados pela pol\u00edcia\u00a0e relataram que ap\u00f3s um desentendimento, levaram a v\u00edtima para um terreno baldio e o assassinaram com um golpe de faca certeiro em seu cora\u00e7\u00e3o.<\/p>\n<p>Ambos foram detidos e encaminhados para a Delegacia de Pol\u00edcia Civil de Camapu\u00e3.\u00a0Peritos do N\u00facleo Regional de Per\u00edcias de Coxim foram acionados e estiveram no local atendendo o caso.<\/p>\n<p>Coxim Agora<\/p>\n","protected":false},"excerpt":{"rendered":"<p>Wesley Fernando da Concei\u00e7\u00e3o da Costa, de 27 anos, foi assassinado com um facada no cora\u00e7\u00e3o , na avenida Pedro Celestino, regi\u00e3o central de Camapu\u00e3. De acordo com informa\u00e7\u00f5es obtidas, a v\u00edtima consumia bebida alco\u00f3lica juntamente com outros dois homens; o auxiliar de servi\u00e7o gerais,\u00a0Marcelo Acosta, de 38 e o pedreiro\u00a0Givanildo Alexandre soares, de 34 [&hellip;]<\/p>\n","protected":false},"author":4,"featured_media":29318,"comment_status":"closed","ping_status":"closed","sticky":false,"template":"","format":"standard","meta":{"footnotes":""},"categories":[38],"tags":[],"class_list":["post-29317","post","type-post","status-publish","format-standard","has-post-thumbnail","hentry","category-policia"],"_links":{"self":[{"href":"https:\/\/www.ocorreionews.com.br\/acervo-correio\/index.php?rest_route=\/wp\/v2\/posts\/29317","targetHints":{"allow":["GET"]}}],"collection":[{"href":"https:\/\/www.ocorreionews.com.br\/acervo-correio\/index.php?rest_route=\/wp\/v2\/posts"}],"about":[{"href":"https:\/\/www.ocorreionews.com.br\/acervo-correio\/index.php?rest_route=\/wp\/v2\/types\/post"}],"author":[{"embeddable":true,"href":"https:\/\/www.ocorreionews.com.br\/acervo-correio\/index.php?rest_route=\/wp\/v2\/users\/4"}],"replies":[{"embeddable":true,"href":"https:\/\/www.ocorreionews.com.br\/acervo-correio\/index.php?rest_route=%2Fwp%2Fv2%2Fcomments&post=29317"}],"version-history":[{"count":0,"href":"https:\/\/www.ocorreionews.com.br\/acervo-correio\/index.php?rest_route=\/wp\/v2\/posts\/29317\/revisions"}],"wp:featuredmedia":[{"embeddable":true,"href":"https:\/\/www.ocorreionews.com.br\/acervo-correio\/index.php?rest_route=\/wp\/v2\/media\/29318"}],"wp:attachment":[{"href":"https:\/\/www.ocorreionews.com.br\/acervo-correio\/index.php?rest_route=%2Fwp%2Fv2%2Fmedia&parent=29317"}],"wp:term":[{"taxonomy":"category","embeddable":true,"href":"https:\/\/www.ocorreionews.com.br\/acervo-correio\/index.php?rest_route=%2Fwp%2Fv2%2Fcategories&post=29317"},{"taxonomy":"post_tag","embeddable":true,"href":"https:\/\/www.ocorreionews.com.br\/acervo-correio\/index.php?rest_route=%2Fwp%2Fv2%2Ftags&post=29317"}],"curies":[{"name":"wp","href":"https:\/\/api.w.org\/{rel}","templated":true}]}}