{"id":29338,"date":"2016-06-06T13:32:08","date_gmt":"2016-06-06T17:32:08","guid":{"rendered":"https:\/\/ocorreionews.com.br\/?p=29338"},"modified":"2016-06-06T13:49:38","modified_gmt":"2016-06-06T17:49:38","slug":"resultado-do-sisu-2016-do-meio-do-ano-e-divulgado","status":"publish","type":"post","link":"https:\/\/www.ocorreionews.com.br\/acervo-correio\/?p=29338","title":{"rendered":"Resultado do Sisu 2016 do meio do ano \u00e9 divulgado"},"content":{"rendered":"<div id=\"materia-letra\" class=\"materia-conteudo entry-content\">\n<p data-track-category=\"Link no Texto\" data-track-links=\"\">A primeira chamada do Sistema de Sele\u00e7\u00e3o Unificada (Sisu) do segundo semestre de 2016 foi divulgada na manh\u00e3 desta segunda-feira (6) no site <a href=\"http:\/\/sisu.mec.gov.br\/selecionados\" target=\"_blank\" rel=\"nofollow\"> http:\/\/sisu.mec.gov.br\/selecionados <\/a> . A consulta deve ser feita filtrando a nome da institui\u00e7\u00e3o, o campus, o curso e o turno escolhidos. Os aprovados ter\u00e3o de fazer a matr\u00edcula diretamente na institui\u00e7\u00e3o de ensino entre os dias 10 e 14 de junho<\/p>\n<p data-track-category=\"Link no Texto\" data-track-links=\"\">Quem n\u00e3o foi convocado pode aderir \u00e0 lista espera a partir desta segunda at\u00e9 o dia 17 de junho. Os integrantes dessa lista que vierem a ser selecionados devem fazer a matr\u00edcula no dia 23 de junho. Para consultar o resultado do Sisu ou aderir \u00e0 lista de espera o estudante precisa usar a senha e o n\u00famero de inscri\u00e7\u00e3o do Exame Nacional do Ensino M\u00e9dio (Enem) 2015<\/p>\n<p data-track-category=\"Link no Texto\" data-track-links=\"\">O Sisu \u00e9 o sistema informatizado do Minist\u00e9rio da Educa\u00e7\u00e3o por meio do qual institui\u00e7\u00f5es p\u00fablicas de educa\u00e7\u00e3o superior oferecem vagas a candidatos participantes do Exame Nacional do Ensino M\u00e9dio (Enem).<\/p>\n<p data-track-category=\"Link no Texto\" data-track-links=\"\">Esta edi\u00e7\u00e3o ofereceu 56.422 vagas em 65 institui\u00e7\u00f5es. A inscri\u00e7\u00e3o podia ser feita somente pelos estudantes que participaram do Enem de 2015 e obtiveram nota na reda\u00e7\u00e3o que n\u00e3o fosse zero.<\/p>\n<p data-track-category=\"Link no Texto\" data-track-links=\"\"><strong> Nova oportunidade em 2016: Prouni <\/strong><br \/>\nOs estudantes que prestaram o Enem em 2015 t\u00eam mais uma possibilidade de serem aprovados em universidades: nesta ter\u00e7a (7) ser\u00e3o abertas as inscri\u00e7\u00f5es para o processo seletivo de bolsas parciais ou integrais do Prouni (Programa Universidade para Todos) do segundo semestre.<\/p>\n<p data-track-category=\"Link no Texto\" data-track-links=\"\">O processo fica aberto at\u00e9 o dia 10 de junho, \u00e0s 23h59, pelo site <a href=\"https:\/\/prouni.mec.gov.br\" target=\"_blank\" rel=\"nofollow\"> https:\/\/prouni.mec.gov.br <\/a> . O Prouni distribui bolsas de estudo integrais (candidatos com renda familiar bruta mensal per capita de at\u00e9 1,5 sal\u00e1rio m\u00ednimo) ou parciais (renda familiar brutal mensal per capita menor do que 3 sal\u00e1rios m\u00ednimos) na rede particular de ensino superior.<\/p>\n<p data-track-category=\"Link no Texto\" data-track-links=\"\"><strong> Crit\u00e9rios do Prouni <\/strong><br \/>\nPara concorrer a uma bolsa do Prouni \u00e9 preciso atender ao menos um dos seguintes crit\u00e9rios:<br \/>\n&#8211; ter cursado o ensino m\u00e9dio completo em escola p\u00fablica,<br \/>\n&#8211; ter cursado o ensino m\u00e9dio completo em institui\u00e7\u00e3o privada, na condi\u00e7\u00e3o de bolsistas integrais da respectiva institui\u00e7\u00e3o;<br \/>\n&#8211; ter cursado o ensino m\u00e9dio parcialmente em escola da rede p\u00fablica e parcialmente em institui\u00e7\u00e3o privada, na condi\u00e7\u00e3o de bolsistas integrais da respectiva institui\u00e7\u00e3o;<br \/>\n&#8211; ser deficiente;<br \/>\n&#8211; ser professor da rede p\u00fablica de ensino, no efetivo exerc\u00edcio do magist\u00e9rio da educa\u00e7\u00e3o b\u00e1sica e integrando o quadro de pessoal permanente da institui\u00e7\u00e3o p\u00fablica.<\/p>\n<p data-track-category=\"Link no Texto\" data-track-links=\"\"><strong> Fies de inverno <\/strong><br \/>\nAinda neste ano, a terceira forma de conseguir uma vaga no ensino superior \u00e9 por meio do Fies (Fundo de Financiamento Estudantil) , que oferece contratos de financiamento em universidades particulares. O processo seletivo come\u00e7ar\u00e1 no dia 14 de junho e ir\u00e1 at\u00e9 o dia 17 de junho. O resultado sair\u00e1 em 20 de junho. Pela primeira vez, o estudante poder\u00e1 alterar sua op\u00e7\u00e3o de curso quantas vezes desejar &#8211; o sistema calcular\u00e1 notas de corte para cada um deles.<\/p>\n<p data-track-category=\"Link no Texto\" data-track-links=\"\"><strong> Entenda o Sisu <\/strong><br \/>\nO Sisu \u00e9 o meio utilizado pelo Minist\u00e9rio da Educa\u00e7\u00e3o para selecionar novos estudantes de cursos de gradua\u00e7\u00e3o de universidades federais e institutos tecnol\u00f3gicos de ensino superior. H\u00e1 ainda institui\u00e7\u00f5es estaduais e municipais que aderem ao processo. O sistema usa as notas do Enem para determinar quais candidatos ter\u00e3o direito \u00e0s vagas.<\/p>\n<p data-track-category=\"Link no Texto\" data-track-links=\"\"><strong> Como o Sisu calcula nota de corte? <\/strong><br \/>\nDurante o prazo de inscri\u00e7\u00f5es, o Sisu calcula a nota de corte para cada curso uma vez por dia. O c\u00e1lculo toma como base o n\u00famero de vagas dispon\u00edveis e o total dos candidatos inscritos naquele curso, por modalidade de concorr\u00eancia. A nota de corte v\u00e1lida ser\u00e1 aquela registrada no \u00faltimo dia de inscri\u00e7\u00f5es. At\u00e9 esse fechamento, o candidato pode optar por mudar de cursos ou universidades.<\/p>\n<p data-track-category=\"Link no Texto\" data-track-links=\"\"><strong> Sisu e Prouni: qual a diferen\u00e7a? <\/strong><br \/>\nO Sisu \u00e9 a sigla para Sistema de Sele\u00e7\u00e3o Unificada. Por meio dele dele, institui\u00e7\u00f5es p\u00fablicas &#8211; sem cobran\u00e7a de mensalidade &#8211; selecionam alunos tendo como crit\u00e9rio a nota do candidato no Enem.<\/p>\n<p data-track-category=\"Link no Texto\" data-track-links=\"\">O Enem tamb\u00e9m \u00e9 usado em outras a\u00e7\u00f5es do MEC, como o Fies e o Programa Universidade para Todos (Prouni). O Prouni concede bolsas de estudos integrais ou parciais em universidades privadas. O foco s\u00e3o estudantes que sa\u00edram de escolas p\u00fablicas e de baixa renda.<\/p>\n<\/div>\n<div id=\"materia-letra\" class=\"materia-conteudo entry-content\">\n<div>G1<\/div>\n<\/div>\n","protected":false},"excerpt":{"rendered":"<p>A primeira chamada do Sistema de Sele\u00e7\u00e3o Unificada (Sisu) do segundo semestre de 2016 foi divulgada na manh\u00e3 desta segunda-feira (6) no site http:\/\/sisu.mec.gov.br\/selecionados . A consulta deve ser feita filtrando a nome da institui\u00e7\u00e3o, o campus, o curso e o turno escolhidos. Os aprovados ter\u00e3o de fazer a matr\u00edcula diretamente na institui\u00e7\u00e3o de ensino [&hellip;]<\/p>\n","protected":false},"author":4,"featured_media":2852,"comment_status":"closed","ping_status":"closed","sticky":false,"template":"","format":"standard","meta":{"footnotes":""},"categories":[27],"tags":[],"class_list":["post-29338","post","type-post","status-publish","format-standard","has-post-thumbnail","hentry","category-educacao"],"_links":{"self":[{"href":"https:\/\/www.ocorreionews.com.br\/acervo-correio\/index.php?rest_route=\/wp\/v2\/posts\/29338","targetHints":{"allow":["GET"]}}],"collection":[{"href":"https:\/\/www.ocorreionews.com.br\/acervo-correio\/index.php?rest_route=\/wp\/v2\/posts"}],"about":[{"href":"https:\/\/www.ocorreionews.com.br\/acervo-correio\/index.php?rest_route=\/wp\/v2\/types\/post"}],"author":[{"embeddable":true,"href":"https:\/\/www.ocorreionews.com.br\/acervo-correio\/index.php?rest_route=\/wp\/v2\/users\/4"}],"replies":[{"embeddable":true,"href":"https:\/\/www.ocorreionews.com.br\/acervo-correio\/index.php?rest_route=%2Fwp%2Fv2%2Fcomments&post=29338"}],"version-history":[{"count":0,"href":"https:\/\/www.ocorreionews.com.br\/acervo-correio\/index.php?rest_route=\/wp\/v2\/posts\/29338\/revisions"}],"wp:featuredmedia":[{"embeddable":true,"href":"https:\/\/www.ocorreionews.com.br\/acervo-correio\/index.php?rest_route=\/wp\/v2\/media\/2852"}],"wp:attachment":[{"href":"https:\/\/www.ocorreionews.com.br\/acervo-correio\/index.php?rest_route=%2Fwp%2Fv2%2Fmedia&parent=29338"}],"wp:term":[{"taxonomy":"category","embeddable":true,"href":"https:\/\/www.ocorreionews.com.br\/acervo-correio\/index.php?rest_route=%2Fwp%2Fv2%2Fcategories&post=29338"},{"taxonomy":"post_tag","embeddable":true,"href":"https:\/\/www.ocorreionews.com.br\/acervo-correio\/index.php?rest_route=%2Fwp%2Fv2%2Ftags&post=29338"}],"curies":[{"name":"wp","href":"https:\/\/api.w.org\/{rel}","templated":true}]}}