{"id":29340,"date":"2016-06-06T13:40:37","date_gmt":"2016-06-06T17:40:37","guid":{"rendered":"https:\/\/ocorreionews.com.br\/?p=29340"},"modified":"2016-06-06T13:40:37","modified_gmt":"2016-06-06T17:40:37","slug":"dois-sao-detidos-por-matar-jovem-a-facadas-em-camapua","status":"publish","type":"post","link":"https:\/\/www.ocorreionews.com.br\/acervo-correio\/?p=29340","title":{"rendered":"Dois s\u00e3o detidos por matar jovem a facadas em Camapu\u00e3"},"content":{"rendered":"<p>O auxiliar de servi\u00e7o geral, Marcelo Acosta, de 38 anos, e o pedreiro Givanildo Alexandre Soares, de 34 anos, vulgo \u2018Lagoa\u201d, foram detidos por suspeita de envolvimento na morte de Wesley Fernando da Concei\u00e7\u00e3o da Costa, de 27 anos. O jovem foi assassinado com uma facada no peito, por volta das 19horas do s\u00e1bado (04), na avenida Pedro Celestino, no centro de Camapu\u00e3.<\/p>\n<p>O corpo de Costa foi encontrado por policiais militares numa constru\u00e7\u00e3o ap\u00f3s uma den\u00fancia an\u00f4nima. Uma equipe do N\u00facleo Regional de Per\u00edcias de Coxim esteve no local e verificou que a v\u00edtima foi golpeada pr\u00f3ximo ao cora\u00e7\u00e3o.<\/p>\n<p>Uma testemunha informou aos policiais que os supostos autores seriam \u201cLagoa\u201d e um homem de camiseta vermelha que estaria com ele.<\/p>\n<p>Diante das informa\u00e7\u00f5es e caracter\u00edsticas dos suspeitos, os policiais abordaram Acosta, que inclusive estava com as m\u00e3os sujas de sangue, e com ele encontraram uma faca amarrada em seu tornozelo direito. \u201cLagoa\u201d tamb\u00e9m foi localizado e detido.<br \/>\nA dupla foi encaminhada para a Delegacia de Pol\u00edcia Civil que investiga o caso.<\/p>\n<p>&nbsp;<\/p>\n<p><strong>Camapu\u00e3news -Foto: Fabricio Martins<\/strong><\/p>\n","protected":false},"excerpt":{"rendered":"<p>O auxiliar de servi\u00e7o geral, Marcelo Acosta, de 38 anos, e o pedreiro Givanildo Alexandre Soares, de 34 anos, vulgo \u2018Lagoa\u201d, foram detidos por suspeita de envolvimento na morte de Wesley Fernando da Concei\u00e7\u00e3o da Costa, de 27 anos. O jovem foi assassinado com uma facada no peito, por volta das 19horas do s\u00e1bado (04), [&hellip;]<\/p>\n","protected":false},"author":4,"featured_media":29341,"comment_status":"closed","ping_status":"closed","sticky":false,"template":"","format":"standard","meta":{"footnotes":""},"categories":[38],"tags":[],"class_list":["post-29340","post","type-post","status-publish","format-standard","has-post-thumbnail","hentry","category-policia"],"_links":{"self":[{"href":"https:\/\/www.ocorreionews.com.br\/acervo-correio\/index.php?rest_route=\/wp\/v2\/posts\/29340","targetHints":{"allow":["GET"]}}],"collection":[{"href":"https:\/\/www.ocorreionews.com.br\/acervo-correio\/index.php?rest_route=\/wp\/v2\/posts"}],"about":[{"href":"https:\/\/www.ocorreionews.com.br\/acervo-correio\/index.php?rest_route=\/wp\/v2\/types\/post"}],"author":[{"embeddable":true,"href":"https:\/\/www.ocorreionews.com.br\/acervo-correio\/index.php?rest_route=\/wp\/v2\/users\/4"}],"replies":[{"embeddable":true,"href":"https:\/\/www.ocorreionews.com.br\/acervo-correio\/index.php?rest_route=%2Fwp%2Fv2%2Fcomments&post=29340"}],"version-history":[{"count":0,"href":"https:\/\/www.ocorreionews.com.br\/acervo-correio\/index.php?rest_route=\/wp\/v2\/posts\/29340\/revisions"}],"wp:featuredmedia":[{"embeddable":true,"href":"https:\/\/www.ocorreionews.com.br\/acervo-correio\/index.php?rest_route=\/wp\/v2\/media\/29341"}],"wp:attachment":[{"href":"https:\/\/www.ocorreionews.com.br\/acervo-correio\/index.php?rest_route=%2Fwp%2Fv2%2Fmedia&parent=29340"}],"wp:term":[{"taxonomy":"category","embeddable":true,"href":"https:\/\/www.ocorreionews.com.br\/acervo-correio\/index.php?rest_route=%2Fwp%2Fv2%2Fcategories&post=29340"},{"taxonomy":"post_tag","embeddable":true,"href":"https:\/\/www.ocorreionews.com.br\/acervo-correio\/index.php?rest_route=%2Fwp%2Fv2%2Ftags&post=29340"}],"curies":[{"name":"wp","href":"https:\/\/api.w.org\/{rel}","templated":true}]}}