{"id":29481,"date":"2016-06-08T10:00:24","date_gmt":"2016-06-08T14:00:24","guid":{"rendered":"https:\/\/ocorreionews.com.br\/?p=29481"},"modified":"2016-06-08T15:17:37","modified_gmt":"2016-06-08T19:17:37","slug":"publicacao-de-internauta-sobre-instituto-de-previdencia-gera-retratacao","status":"publish","type":"post","link":"https:\/\/www.ocorreionews.com.br\/acervo-correio\/?p=29481","title":{"rendered":"Retrata\u00e7\u00e3o: Publica\u00e7\u00e3o de internauta sobre a vereadora S\u00f4nia Maran"},"content":{"rendered":"<p>Uma publica\u00e7\u00e3o do internauta Anselmo Jos\u00e9 Alpe realizada nos portais de not\u00edcias Jovemsulnews e no Ocorreionews, que menciona a atua\u00e7\u00e3o da Vereadora e Servidora S\u00f4nia Maran no Fundo Municipal de Previd\u00eancia, gerou uma determina\u00e7\u00e3o judicial de retrata\u00e7\u00e3o.<\/p>\n<p>Veja abaixo, o teor da retrata\u00e7\u00e3o e do artigo publicado.<\/p>\n<p><strong>RETRATA\u00c7\u00c3O:<\/strong><\/p>\n<div class=\"banner-single\"><\/div>\n<p>Em decorr\u00eancia de transa\u00e7\u00e3o penal homologada pelo Ju\u00edzo de Direito do Juizado Especial Adjunto desta comarca de Chapad\u00e3o do Sul, em a\u00e7\u00e3o movida pela Vereadora S\u00f4nia Teresinha Pena Fortes Maran, em raz\u00e3o de artigo publicado na imprensa local no dia 19 de fevereiro de 2014, que mencionava a atua\u00e7\u00e3o da citada vereadora perante o Instituto de Previd\u00eancia dos Servidores P\u00fablicos Municipais, eu, Anselmo Jos\u00e9 Alpe, retrato-me de forma p\u00fablica, perante a vereadora S\u00f4nia Maran, quanto ao teor da not\u00edcia veiculada nos meios de imprensa eletr\u00f4nica desta cidade na data citada. Esclare\u00e7o que a d\u00favida suscitada quanto \u00e0 conduta dela deveria ter sido direcionada diretamente a ela, eis que ela teria argumentos suficientes para esclarec\u00ea-la, ou seja, que as decis\u00f5es do Conselho Curador s\u00e3o tomadas por um colegiado, do qual tanto S\u00f4nia Maran, quanto eu Anselmo, tamb\u00e9m fa\u00e7o parte, e dela n\u00e3o divergi naquele conselho. Enquanto membro do Conselho Fiscal tamb\u00e9m fa\u00e7o parte, e dela n\u00e3o divergi naquele conselho. Enquanto membro do Conselho Fiscal tamb\u00e9m n\u00e3o aprovei a conduta de S\u00f4nia Maran enquanto componente do Conselho Curador. Afirmo que houve um mal-entendido na publica\u00e7\u00e3o das referidas mat\u00e9rias, e portanto, novamente, em p\u00fablico, pe\u00e7o desculpas. Comprometo-me a n\u00e3o mais publicar mat\u00e9rias questionando os atos de S\u00f4nia Maran, enquanto pessoa p\u00fablica, sem antes garantir a ela o direito de esclarecimento. Em raz\u00e3o da retrata\u00e7\u00e3o formalizada em audi\u00eancia, nos termos do Artigo 143 do C\u00f3digo Penal, a vereadora S\u00f4nia Maran aceitou formalmente o pedido de desculpas e concordou com a extin\u00e7\u00e3o do processo. A transa\u00e7\u00e3o penal foi devidamente homologada pelo Juiz de Direito S\u00edlvio C. Prado por senten\u00e7a de 23\/05\/2016, que transitou em julgado.<\/p>\n","protected":false},"excerpt":{"rendered":"<p>Uma publica\u00e7\u00e3o do internauta Anselmo Jos\u00e9 Alpe realizada nos portais de not\u00edcias Jovemsulnews e no Ocorreionews, que menciona a atua\u00e7\u00e3o da Vereadora e Servidora S\u00f4nia Maran no Fundo Municipal de Previd\u00eancia, gerou uma determina\u00e7\u00e3o judicial de retrata\u00e7\u00e3o. Veja abaixo, o teor da retrata\u00e7\u00e3o e do artigo publicado. RETRATA\u00c7\u00c3O: Em decorr\u00eancia de transa\u00e7\u00e3o penal homologada pelo [&hellip;]<\/p>\n","protected":false},"author":4,"featured_media":29482,"comment_status":"closed","ping_status":"closed","sticky":false,"template":"","format":"standard","meta":{"footnotes":""},"categories":[23],"tags":[],"class_list":["post-29481","post","type-post","status-publish","format-standard","has-post-thumbnail","hentry","category-chapadao-do-sul"],"_links":{"self":[{"href":"https:\/\/www.ocorreionews.com.br\/acervo-correio\/index.php?rest_route=\/wp\/v2\/posts\/29481","targetHints":{"allow":["GET"]}}],"collection":[{"href":"https:\/\/www.ocorreionews.com.br\/acervo-correio\/index.php?rest_route=\/wp\/v2\/posts"}],"about":[{"href":"https:\/\/www.ocorreionews.com.br\/acervo-correio\/index.php?rest_route=\/wp\/v2\/types\/post"}],"author":[{"embeddable":true,"href":"https:\/\/www.ocorreionews.com.br\/acervo-correio\/index.php?rest_route=\/wp\/v2\/users\/4"}],"replies":[{"embeddable":true,"href":"https:\/\/www.ocorreionews.com.br\/acervo-correio\/index.php?rest_route=%2Fwp%2Fv2%2Fcomments&post=29481"}],"version-history":[{"count":0,"href":"https:\/\/www.ocorreionews.com.br\/acervo-correio\/index.php?rest_route=\/wp\/v2\/posts\/29481\/revisions"}],"wp:featuredmedia":[{"embeddable":true,"href":"https:\/\/www.ocorreionews.com.br\/acervo-correio\/index.php?rest_route=\/wp\/v2\/media\/29482"}],"wp:attachment":[{"href":"https:\/\/www.ocorreionews.com.br\/acervo-correio\/index.php?rest_route=%2Fwp%2Fv2%2Fmedia&parent=29481"}],"wp:term":[{"taxonomy":"category","embeddable":true,"href":"https:\/\/www.ocorreionews.com.br\/acervo-correio\/index.php?rest_route=%2Fwp%2Fv2%2Fcategories&post=29481"},{"taxonomy":"post_tag","embeddable":true,"href":"https:\/\/www.ocorreionews.com.br\/acervo-correio\/index.php?rest_route=%2Fwp%2Fv2%2Ftags&post=29481"}],"curies":[{"name":"wp","href":"https:\/\/api.w.org\/{rel}","templated":true}]}}