{"id":29484,"date":"2016-06-08T10:02:34","date_gmt":"2016-06-08T14:02:34","guid":{"rendered":"https:\/\/ocorreionews.com.br\/?p=29484"},"modified":"2016-06-08T10:34:13","modified_gmt":"2016-06-08T14:34:13","slug":"produtores-que-plantaram-mais-tarde-vao-colher-ate-80-do-milho","status":"publish","type":"post","link":"https:\/\/www.ocorreionews.com.br\/acervo-correio\/?p=29484","title":{"rendered":"Produtores que plantaram mais tarde v\u00e3o colher at\u00e9 80% do milho"},"content":{"rendered":"<div class=\"bloco_texto_span\">\n<p>Quem deixou para plantar o milho safrinha de 1\u00ba de mar\u00e7o at\u00e9 10 de abril teve mais sorte este ano, de acordo com o analista de gr\u00e3os do Sistema Famasul (Federa\u00e7\u00e3o da Agricultura e Pecu\u00e1ria de MS) Leonardo Carlotto. Cerca de 40% dos produtores que optaram por esta \u00e9poca v\u00e3o colher milho de melhor qualidade, j\u00e1 que enfrentaram menos problemas com o clima.<\/p>\n<p class=\"veja_mais_simples\">Segundo Carlotto, 60% dos produtores passam por dois cen\u00e1rios distintos. Cerca de 30% dos que plantaram no in\u00edcio do ano foram os que mais sofreram com o clima, j\u00e1 que houve falta de chuva no meio da safra fazendo com que a reprodu\u00e7\u00e3o do alimento n\u00e3o fosse completa. \u201cDeste grupo, temos perda de 7% e 10% da safra, que dever\u00e3o colher de 30 a 40 sacas de 0 a 100\u201d, explica.<\/p>\n<p>J\u00e1 o restante dos produtores que deixaram para plantar entre fevereiro e mar\u00e7o v\u00e3o colher entre 60% e 70%, pois tamb\u00e9m tiveram problema no desenvolvimento do milho. \u201cCom a falta de chuva, eles ficaram pequenos, por conta isso, haver\u00e1 queda na saca\u201d, aponta o analista de gr\u00e3os, que mostrou que com este quadro haver\u00e1 uma redu\u00e7\u00e3o de 23% na safra de milho safrinha deste ano\u201d.<\/p>\n<p>A expectativa era que Mato Grosso do Sul produzisse 88 sacas, mas a previs\u00e3o \u00e9 que chegue a 67. \u201cA estimativa s\u00f3 ser\u00e1 menor se houver geada ou ganizo, pois a chuva n\u00e3o interfere nem no desenvolvimento nem na colheita, j\u00e1 que a palha do milho protege a espiga\u201d, detalha Carlotto<\/p>\n<p>O levantamento foi realizado durante o per\u00edodo mais cr\u00edtico enfrentado pela safra, entre h\u00e1 um a dois meses atr\u00e1s, e realizado pelo Siga MS (Sistema de Informa\u00e7\u00e3o Geogr\u00e1fica do Agroneg\u00f3cio), ferramenta desenvolvida pela Aprosoja\/MS (Associa\u00e7\u00e3o dos Produtores de Soja de Mato Grosso do Sul).<\/p>\n<\/div>\n<p>&nbsp;<\/p>\n<p>&nbsp;<\/p>\n<p><em><strong>Campo Grande News &#8211;\u00a0<\/strong><strong>Mariana Castelar<\/strong><\/em><\/p>\n<div class=\"c_relacionadas\"><\/div>\n","protected":false},"excerpt":{"rendered":"<p>Quem deixou para plantar o milho safrinha de 1\u00ba de mar\u00e7o at\u00e9 10 de abril teve mais sorte este ano, de acordo com o analista de gr\u00e3os do Sistema Famasul (Federa\u00e7\u00e3o da Agricultura e Pecu\u00e1ria de MS) Leonardo Carlotto. Cerca de 40% dos produtores que optaram por esta \u00e9poca v\u00e3o colher milho de melhor qualidade, [&hellip;]<\/p>\n","protected":false},"author":4,"featured_media":27753,"comment_status":"closed","ping_status":"closed","sticky":false,"template":"","format":"standard","meta":{"footnotes":""},"categories":[17],"tags":[],"class_list":["post-29484","post","type-post","status-publish","format-standard","has-post-thumbnail","hentry","category-agropecuaria"],"_links":{"self":[{"href":"https:\/\/www.ocorreionews.com.br\/acervo-correio\/index.php?rest_route=\/wp\/v2\/posts\/29484","targetHints":{"allow":["GET"]}}],"collection":[{"href":"https:\/\/www.ocorreionews.com.br\/acervo-correio\/index.php?rest_route=\/wp\/v2\/posts"}],"about":[{"href":"https:\/\/www.ocorreionews.com.br\/acervo-correio\/index.php?rest_route=\/wp\/v2\/types\/post"}],"author":[{"embeddable":true,"href":"https:\/\/www.ocorreionews.com.br\/acervo-correio\/index.php?rest_route=\/wp\/v2\/users\/4"}],"replies":[{"embeddable":true,"href":"https:\/\/www.ocorreionews.com.br\/acervo-correio\/index.php?rest_route=%2Fwp%2Fv2%2Fcomments&post=29484"}],"version-history":[{"count":0,"href":"https:\/\/www.ocorreionews.com.br\/acervo-correio\/index.php?rest_route=\/wp\/v2\/posts\/29484\/revisions"}],"wp:featuredmedia":[{"embeddable":true,"href":"https:\/\/www.ocorreionews.com.br\/acervo-correio\/index.php?rest_route=\/wp\/v2\/media\/27753"}],"wp:attachment":[{"href":"https:\/\/www.ocorreionews.com.br\/acervo-correio\/index.php?rest_route=%2Fwp%2Fv2%2Fmedia&parent=29484"}],"wp:term":[{"taxonomy":"category","embeddable":true,"href":"https:\/\/www.ocorreionews.com.br\/acervo-correio\/index.php?rest_route=%2Fwp%2Fv2%2Fcategories&post=29484"},{"taxonomy":"post_tag","embeddable":true,"href":"https:\/\/www.ocorreionews.com.br\/acervo-correio\/index.php?rest_route=%2Fwp%2Fv2%2Ftags&post=29484"}],"curies":[{"name":"wp","href":"https:\/\/api.w.org\/{rel}","templated":true}]}}