{"id":29490,"date":"2016-06-08T13:15:24","date_gmt":"2016-06-08T17:15:24","guid":{"rendered":"https:\/\/ocorreionews.com.br\/?p=29490"},"modified":"2016-06-08T13:46:13","modified_gmt":"2016-06-08T17:46:13","slug":"desconhecido-michel-temer-tem-rejeicao-de-28-contra-624-de-dilma","status":"publish","type":"post","link":"https:\/\/www.ocorreionews.com.br\/acervo-correio\/?p=29490","title":{"rendered":"Desconhecido, Michel Temer tem rejei\u00e7\u00e3o de 28% contra 62,4% de Dilma"},"content":{"rendered":"<p>Pesquisa CNT\/MDA mostra que a administra\u00e7\u00e3o do presidente interino, Michel Temer, tem uma baixa aprova\u00e7\u00e3o quase id\u00eantica \u00e0 de Dilma Rousseff. O governo do peemedebista \u00e9 aprovado por apenas 11,3% dos brasileiros. O da petista tinha uma taxa de 11,4%.<\/p>\n<p>A CNT\/MDA ouviu 2.002 pessoas em 137 munic\u00edpios de 25 unidades da Federa\u00e7\u00e3o no per\u00edodo de 2 a 5.jun.2016. A margem de erro \u00e9 de 2,2 pontos percentuais. <a href=\"http:\/\/imguol.com\/blogs\/52\/files\/2016\/06\/relatorio-cnt-mda-jun-2016.pdf\" target=\"_blank\">Eis a \u00edntegra<\/a>.<\/p>\n<p>Chama a aten\u00e7\u00e3o o alto n\u00famero de brasileiros que n\u00e3o quiseram ou n\u00e3o souberam opinar sobre Michel Temer e seu governo \u2013uma demonstra\u00e7\u00e3o do baixo grau de conhecimento dos brasileiros a respeito de quem comanda o pa\u00eds no momento.<\/p>\n<p>Segundo a CNT\/MDA, 30,5% dos entrevistados n\u00e3o souberam opinar a respeito da administra\u00e7\u00e3o Michel Temer.<\/p>\n<p>Por essa raz\u00e3o, a rejei\u00e7\u00e3o do peemedebista aparece com apenas 28% de rejei\u00e7\u00e3o. Dilma era rejeitada por 62,4%.<\/p>\n<p>Eis os dados:<\/p>\n<p><a href=\"http:\/\/imguol.com\/blogs\/52\/files\/2016\/06\/Temer-CNT-MDA-1.png\"><img loading=\"lazy\" decoding=\"async\" class=\"aligncenter size-large wp-image-22989\" src=\"http:\/\/imguol.com\/blogs\/52\/files\/2016\/06\/Temer-CNT-MDA-1-921x1024.png\" alt=\"Temer-CNT-MDA-1\" width=\"921\" height=\"1024\" \/><\/a><\/p>\n<p><a href=\"http:\/\/imguol.com\/blogs\/52\/files\/2016\/06\/Temer-CNT-MDA-2.png\"><img loading=\"lazy\" decoding=\"async\" class=\"aligncenter size-large wp-image-22990\" src=\"http:\/\/imguol.com\/blogs\/52\/files\/2016\/06\/Temer-CNT-MDA-2-862x1024.png\" alt=\"Temer-CNT-MDA-2\" width=\"862\" height=\"1024\" \/><\/a><\/p>\n<p>&nbsp;<\/p>\n<p>&nbsp;<\/p>\n<p>&nbsp;<\/p>\n<p><em><strong>UOL &#8211;\u00a0Fernando Rodrigues<\/strong><\/em><\/p>\n","protected":false},"excerpt":{"rendered":"<p>Pesquisa CNT\/MDA mostra que a administra\u00e7\u00e3o do presidente interino, Michel Temer, tem uma baixa aprova\u00e7\u00e3o quase id\u00eantica \u00e0 de Dilma Rousseff. O governo do peemedebista \u00e9 aprovado por apenas 11,3% dos brasileiros. O da petista tinha uma taxa de 11,4%. A CNT\/MDA ouviu 2.002 pessoas em 137 munic\u00edpios de 25 unidades da Federa\u00e7\u00e3o no per\u00edodo [&hellip;]<\/p>\n","protected":false},"author":4,"featured_media":29491,"comment_status":"closed","ping_status":"closed","sticky":false,"template":"","format":"standard","meta":{"footnotes":""},"categories":[37],"tags":[],"class_list":["post-29490","post","type-post","status-publish","format-standard","has-post-thumbnail","hentry","category-politica"],"_links":{"self":[{"href":"https:\/\/www.ocorreionews.com.br\/acervo-correio\/index.php?rest_route=\/wp\/v2\/posts\/29490","targetHints":{"allow":["GET"]}}],"collection":[{"href":"https:\/\/www.ocorreionews.com.br\/acervo-correio\/index.php?rest_route=\/wp\/v2\/posts"}],"about":[{"href":"https:\/\/www.ocorreionews.com.br\/acervo-correio\/index.php?rest_route=\/wp\/v2\/types\/post"}],"author":[{"embeddable":true,"href":"https:\/\/www.ocorreionews.com.br\/acervo-correio\/index.php?rest_route=\/wp\/v2\/users\/4"}],"replies":[{"embeddable":true,"href":"https:\/\/www.ocorreionews.com.br\/acervo-correio\/index.php?rest_route=%2Fwp%2Fv2%2Fcomments&post=29490"}],"version-history":[{"count":0,"href":"https:\/\/www.ocorreionews.com.br\/acervo-correio\/index.php?rest_route=\/wp\/v2\/posts\/29490\/revisions"}],"wp:featuredmedia":[{"embeddable":true,"href":"https:\/\/www.ocorreionews.com.br\/acervo-correio\/index.php?rest_route=\/wp\/v2\/media\/29491"}],"wp:attachment":[{"href":"https:\/\/www.ocorreionews.com.br\/acervo-correio\/index.php?rest_route=%2Fwp%2Fv2%2Fmedia&parent=29490"}],"wp:term":[{"taxonomy":"category","embeddable":true,"href":"https:\/\/www.ocorreionews.com.br\/acervo-correio\/index.php?rest_route=%2Fwp%2Fv2%2Fcategories&post=29490"},{"taxonomy":"post_tag","embeddable":true,"href":"https:\/\/www.ocorreionews.com.br\/acervo-correio\/index.php?rest_route=%2Fwp%2Fv2%2Ftags&post=29490"}],"curies":[{"name":"wp","href":"https:\/\/api.w.org\/{rel}","templated":true}]}}