{"id":29498,"date":"2016-06-08T15:27:57","date_gmt":"2016-06-08T19:27:57","guid":{"rendered":"https:\/\/ocorreionews.com.br\/?p=29498"},"modified":"2016-06-08T15:27:57","modified_gmt":"2016-06-08T19:27:57","slug":"falsas-agentes-de-saude-furtam-idosa-em-costa-rica","status":"publish","type":"post","link":"https:\/\/www.ocorreionews.com.br\/acervo-correio\/?p=29498","title":{"rendered":"Falsas agentes de sa\u00fade furtam idosa em Costa Rica"},"content":{"rendered":"<p style=\"text-align: justify;\">A Pol\u00edcia Civil de Costa Rica registrou na tarde de hoje (08) uma ocorr\u00eancia enquadrada como furto qualificado mediante concurso de pessoas. O fato ocorreu por volta das 9h30, em uma resid\u00eancia localizada \u00e0 rua Jo\u00e3o Bispo de Carvalho, \u00e1rea central da cidade. A v\u00edtima, uma senhora de 68 anos, foi quem denunciou o caso.<\/p>\n<p style=\"text-align: justify;\">Segundo informa\u00e7\u00f5es do Boletim de Ocorr\u00eancia, a idosa estava em sua resid\u00eancia quando tr\u00eas mulheres, que se identificaram como agentes de sa\u00fade, tocaram a campainha. A senhora abriu o port\u00e3o para entregar um copo de \u00e1gua para uma das mulheres e permitiu a entrada das mesmas na resid\u00eancia que, sem levantar suspeitas, conversaram e prometeram at\u00e9 a entrega de uma cesta b\u00e1sica para a v\u00edtima.<\/p>\n<p style=\"text-align: justify;\">A v\u00edtima desconfiou quando as tr\u00eas sa\u00edram apressadas do local, momento em que foi conferir seus pertences que estavam em uma bolsa dentro do quarto, notando a falta do seu cart\u00e3o e senha do banco e a soma de R$ 950,00 em esp\u00e9cie. Ainda de acordo com o B.O, a idosa viu uma das mulheres na porta do quarto onde a bolsa estava.<\/p>\n<p style=\"text-align: justify;\">A pol\u00edcia foi informada das caracter\u00edsticas f\u00edsicas das suspeitas e investiga o caso.<\/p>\n<p style=\"text-align: justify;\">\n<div class=\"clear\" style=\"text-align: justify;\"><\/div>\n<div class=\"fonte\" style=\"text-align: justify;\">Fonte: MS Todo Dia<\/div>\n","protected":false},"excerpt":{"rendered":"<p>A Pol\u00edcia Civil de Costa Rica registrou na tarde de hoje (08) uma ocorr\u00eancia enquadrada como furto qualificado mediante concurso de pessoas. O fato ocorreu por volta das 9h30, em uma resid\u00eancia localizada \u00e0 rua Jo\u00e3o Bispo de Carvalho, \u00e1rea central da cidade. A v\u00edtima, uma senhora de 68 anos, foi quem denunciou o caso. [&hellip;]<\/p>\n","protected":false},"author":4,"featured_media":4248,"comment_status":"closed","ping_status":"closed","sticky":false,"template":"","format":"standard","meta":{"footnotes":""},"categories":[25,38],"tags":[],"class_list":["post-29498","post","type-post","status-publish","format-standard","has-post-thumbnail","hentry","category-costa-rica","category-policia"],"_links":{"self":[{"href":"https:\/\/www.ocorreionews.com.br\/acervo-correio\/index.php?rest_route=\/wp\/v2\/posts\/29498","targetHints":{"allow":["GET"]}}],"collection":[{"href":"https:\/\/www.ocorreionews.com.br\/acervo-correio\/index.php?rest_route=\/wp\/v2\/posts"}],"about":[{"href":"https:\/\/www.ocorreionews.com.br\/acervo-correio\/index.php?rest_route=\/wp\/v2\/types\/post"}],"author":[{"embeddable":true,"href":"https:\/\/www.ocorreionews.com.br\/acervo-correio\/index.php?rest_route=\/wp\/v2\/users\/4"}],"replies":[{"embeddable":true,"href":"https:\/\/www.ocorreionews.com.br\/acervo-correio\/index.php?rest_route=%2Fwp%2Fv2%2Fcomments&post=29498"}],"version-history":[{"count":0,"href":"https:\/\/www.ocorreionews.com.br\/acervo-correio\/index.php?rest_route=\/wp\/v2\/posts\/29498\/revisions"}],"wp:featuredmedia":[{"embeddable":true,"href":"https:\/\/www.ocorreionews.com.br\/acervo-correio\/index.php?rest_route=\/wp\/v2\/media\/4248"}],"wp:attachment":[{"href":"https:\/\/www.ocorreionews.com.br\/acervo-correio\/index.php?rest_route=%2Fwp%2Fv2%2Fmedia&parent=29498"}],"wp:term":[{"taxonomy":"category","embeddable":true,"href":"https:\/\/www.ocorreionews.com.br\/acervo-correio\/index.php?rest_route=%2Fwp%2Fv2%2Fcategories&post=29498"},{"taxonomy":"post_tag","embeddable":true,"href":"https:\/\/www.ocorreionews.com.br\/acervo-correio\/index.php?rest_route=%2Fwp%2Fv2%2Ftags&post=29498"}],"curies":[{"name":"wp","href":"https:\/\/api.w.org\/{rel}","templated":true}]}}