{"id":29515,"date":"2016-06-09T06:39:29","date_gmt":"2016-06-09T10:39:29","guid":{"rendered":"https:\/\/ocorreionews.com.br\/?p=29515"},"modified":"2016-06-09T06:39:29","modified_gmt":"2016-06-09T10:39:29","slug":"vao-mexer-no-queijo-percival-puggina","status":"publish","type":"post","link":"https:\/\/www.ocorreionews.com.br\/acervo-correio\/?p=29515","title":{"rendered":"V\u00e3o mexer no queijo? Percival Puggina"},"content":{"rendered":"<p style=\"text-align: justify;\">Um personagem de Moli\u00e8re, Monsieur Jourdain, descobriu certa feita, de estalo, que ao longo de toda sua vida falara em prosa sem perceber. Da mesma forma, muitos brasileiros s\u00e3o marxistas sem saber, hobbesianos sem saber, e muitos,sem saber, s\u00e3o respons\u00e1veis pelo aumento dos impostos que pagam. \u00a0De fato, toda vez que algu\u00e9m atribui a ele, o Estado, o dever de dar um jeito em algo, est\u00e1 pressionando no sentido de que se forme um novo centro de custos, que vai exigir uma nova receita e ela se tornar\u00e1 permanente. Se o custo for criado e a receita n\u00e3o, a conta que surgir\u00e1 n\u00e3o pode ficar pendurada na parede por um prego.<\/p>\n<p style=\"text-align: justify;\">Estamos todos assistindo, nestes dias, verdadeira aula pr\u00e1tica sobre as consequ\u00eancias de se deixar o Estado crescer. Todo mundo sabe que o Brasil precisa reduzir custos. Note-se: quando digo todo mundo estou falando mesmo de uma percep\u00e7\u00e3o nacional e mundial. Um d\u00e9ficit de R$ 170 bilh\u00f5es n\u00e3o se resolve sem dor. O desemprego gerado pelas baixas expectativas e elevados encargos \u00e9 apenas um dos muitos artefatos instalados nessa sala de tortura em que se transformou o Estado brasileiro. E extinguir um simples centro de custo tem sido uma encrenca dos diabos.<\/p>\n<p style=\"text-align: justify;\">Vou dar um exemplo. Nem o Itamaraty escapou ao laborat\u00f3rio de fracassos que foi o governo da presidente Dilma. Jos\u00e9 Serra se deparou com um rombo de R$ 3,2 bilh\u00f5es nas contas da nossa chancelaria. Uma vergonha. Alugu\u00e9is atrasados, contas de fornecedores vencidas, compromissos regulares referentes \u00e0 participa\u00e7\u00e3o em \u00f3rg\u00e3os internacionais n\u00e3o pagos, e por a\u00ed vai. Mais de tr\u00eas bi. Solu\u00e7\u00e3o? Fechar alguns centros de custo, certo? Serra prop\u00f4s fechar cinco embaixadas na \u00c1frica. Legal, mas n\u00e3o tem jeito, ao que parece. N\u00e3o d\u00e1 para fechar nem Serra Leoa e Lib\u00e9ria.<\/p>\n<p style=\"text-align: justify;\">E isso vale para tudo. No setor p\u00fablico todos concordam com a necessidade de reduzir despesas, contanto que os cortes ocorram noutro lugar, bem longe de onde cada um esteja atuando. Na original hist\u00f3ria de Spencer Johnson \u2013 Quem mexeu no meu queijo? \u2013 falta um terceiro ratinho que represente os que, no Brasil, passam a vida gritando \u201cNo meu queijo ningu\u00e9m mexe!\u201d. Esses s\u00e3o os mais onerosos. A come\u00e7ar pelos poderes de Estado, onde o Judici\u00e1rio cuida do seu lado e de qualquer um que alegue direitos sobre seu queijo federal, estadual ou municipal.<\/p>\n<p style=\"text-align: justify;\">Se essa mentalidade n\u00e3o for superada, se a gritaria que est\u00e1 se formando encontrar respaldo pol\u00edtico, se nada for feito para reduzir o custo do Brasil sobre os brasileiros, caminhamos para uma situa\u00e7\u00e3o hobbesiana, uma guerra de todos contra todos em que todos perdem. Quem ganha o qu\u00ea, quando o dinheiro acaba?<\/p>\n<p style=\"text-align: justify;\">\n<p style=\"text-align: justify;\">________________________________<br \/>\n<em>* Percival Puggina (71), membro da Academia Rio-Grandense de Letras, \u00e9 arquiteto, empres\u00e1rio e escritor e titular do site www.puggina.org, colunista de Zero Hora e de dezenas de jornais e sites no pa\u00eds. Autor de Cr\u00f4nicas contra o totalitarismo; Cuba, a trag\u00e9dia da utopia; Pombas e Gavi\u00f5es; A tomada do Brasil. integrante do grupo Pensar+.<\/em><\/p>\n","protected":false},"excerpt":{"rendered":"<p>Um personagem de Moli\u00e8re, Monsieur Jourdain, descobriu certa feita, de estalo, que ao longo de toda sua vida falara em prosa sem perceber. Da mesma forma, muitos brasileiros s\u00e3o marxistas sem saber, hobbesianos sem saber, e muitos,sem saber, s\u00e3o respons\u00e1veis pelo aumento dos impostos que pagam. \u00a0De fato, toda vez que algu\u00e9m atribui a ele, [&hellip;]<\/p>\n","protected":false},"author":4,"featured_media":25337,"comment_status":"closed","ping_status":"closed","sticky":false,"template":"","format":"standard","meta":{"footnotes":""},"categories":[38],"tags":[],"class_list":["post-29515","post","type-post","status-publish","format-standard","has-post-thumbnail","hentry","category-policia"],"_links":{"self":[{"href":"https:\/\/www.ocorreionews.com.br\/acervo-correio\/index.php?rest_route=\/wp\/v2\/posts\/29515","targetHints":{"allow":["GET"]}}],"collection":[{"href":"https:\/\/www.ocorreionews.com.br\/acervo-correio\/index.php?rest_route=\/wp\/v2\/posts"}],"about":[{"href":"https:\/\/www.ocorreionews.com.br\/acervo-correio\/index.php?rest_route=\/wp\/v2\/types\/post"}],"author":[{"embeddable":true,"href":"https:\/\/www.ocorreionews.com.br\/acervo-correio\/index.php?rest_route=\/wp\/v2\/users\/4"}],"replies":[{"embeddable":true,"href":"https:\/\/www.ocorreionews.com.br\/acervo-correio\/index.php?rest_route=%2Fwp%2Fv2%2Fcomments&post=29515"}],"version-history":[{"count":0,"href":"https:\/\/www.ocorreionews.com.br\/acervo-correio\/index.php?rest_route=\/wp\/v2\/posts\/29515\/revisions"}],"wp:featuredmedia":[{"embeddable":true,"href":"https:\/\/www.ocorreionews.com.br\/acervo-correio\/index.php?rest_route=\/wp\/v2\/media\/25337"}],"wp:attachment":[{"href":"https:\/\/www.ocorreionews.com.br\/acervo-correio\/index.php?rest_route=%2Fwp%2Fv2%2Fmedia&parent=29515"}],"wp:term":[{"taxonomy":"category","embeddable":true,"href":"https:\/\/www.ocorreionews.com.br\/acervo-correio\/index.php?rest_route=%2Fwp%2Fv2%2Fcategories&post=29515"},{"taxonomy":"post_tag","embeddable":true,"href":"https:\/\/www.ocorreionews.com.br\/acervo-correio\/index.php?rest_route=%2Fwp%2Fv2%2Ftags&post=29515"}],"curies":[{"name":"wp","href":"https:\/\/api.w.org\/{rel}","templated":true}]}}