{"id":29517,"date":"2016-06-09T06:55:10","date_gmt":"2016-06-09T10:55:10","guid":{"rendered":"https:\/\/ocorreionews.com.br\/?p=29517"},"modified":"2016-06-09T06:55:10","modified_gmt":"2016-06-09T10:55:10","slug":"assessoria-de-esportes-define-pre-calendario-para-2017-durante-o-1o-forum-municipal-de-esporte-e-lazer","status":"publish","type":"post","link":"https:\/\/www.ocorreionews.com.br\/acervo-correio\/?p=29517","title":{"rendered":"Assessoria de Esportes define pr\u00e9- calend\u00e1rio para 2017 durante o 1\u00ba F\u00f3rum Municipal de Esporte e Lazer"},"content":{"rendered":"<p style=\"text-align: justify;\">A SEMTMA \u2013 Secretaria Municipal de Turismo e Meio Ambiente &#8211; por meio da Assessoria de Esportes de Costa Rica \u2013 MS realizou mais um encontro do 1\u00ba F\u00f3rum de Esporte e Lazer, dessa vez foi para definir o pr\u00e9-calend\u00e1rio de competi\u00e7\u00f5es esportivas do ano de 2017.<\/p>\n<p style=\"text-align: justify;\">O encontro foi realizado no audit\u00f3rio da SEMED &#8211; Secretaria Municipal de Educa\u00e7\u00e3o &#8211; e contou com a participa\u00e7\u00e3o de 15\u00a0<span class=\"\">pessoas.<\/span><\/p>\n<div class=\"\">\n<p style=\"text-align: justify;\">O assessor de Esportes Ademildo Amorim \u201cTigrilo\u201d afirmou que o encontro teve o intuito de decidir as datas das competi\u00e7\u00f5es locais e regionais de 2017, definir as propostas finais para compor o relat\u00f3rio do evento e organizar uma Associa\u00e7\u00e3o Municipal de Esporte.<\/p>\n<p style=\"text-align: justify;\">\u201cN\u00e3o tivemos qu\u00f3rum suficiente para definir as propostas finais e organizar a associa\u00e7\u00e3o, mas teremos outras reuni\u00f5es pertinentes aos assuntos pendentes. Definimos o pr\u00e9-calend\u00e1rio o qual levarei ao Chefe do Executivo para analisar e aprovar\u201d, explica.<\/p>\n<p style=\"text-align: justify;\">Segue abaixo o pr\u00e9 calend\u00e1rio esportivo do ano de 2017:<\/p>\n<p style=\"text-align: justify;\">Fevereiro \u2013 Copa Costa Rica de Futsal Masculino e Feminino.<\/p>\n<p style=\"text-align: justify;\">Mar\u00e7o\/Abril \u2013 Campeonato Municipal 7 Society.<\/p>\n<p style=\"text-align: justify;\">Maio: 2\u00aa Copa Integra\u00e7\u00e3o de Motocross.<\/p>\n<p style=\"text-align: justify;\">Maio\/Junho: Campeonato Regional 7 Society.<\/p>\n<p style=\"text-align: justify;\">Julho: Copa Costa Rica de Futsal Feminino e Campeonato Regional de Futsal Masculino.<\/p>\n<p style=\"text-align: justify;\">Agosto\/ Setembro: Campeonato Municipal de Campo.<\/p>\n<p style=\"text-align: justify;\">Setembro: Copa Viva Melhor.<\/p>\n<p style=\"text-align: justify;\">Outubro: Interbairros de Futsal, Futev\u00f4lei e V\u00f4lei de Areia.<\/p>\n<p style=\"text-align: justify;\">Novembro\/Dezembro: Copa Ver\u00e3o de Futsal.<\/p>\n<p style=\"text-align: justify;\">Dezembro: Encontro dos Trilheiros e Torneio Futsal Trilheiros.<\/p>\n<p style=\"text-align: justify;\">Foto: Juliana Zanlorenzi &#8211; ASSECOM\/PMCR<\/p>\n<\/div>\n","protected":false},"excerpt":{"rendered":"<p>A SEMTMA \u2013 Secretaria Municipal de Turismo e Meio Ambiente &#8211; por meio da Assessoria de Esportes de Costa Rica \u2013 MS realizou mais um encontro do 1\u00ba F\u00f3rum de Esporte e Lazer, dessa vez foi para definir o pr\u00e9-calend\u00e1rio de competi\u00e7\u00f5es esportivas do ano de 2017. O encontro foi realizado no audit\u00f3rio da SEMED [&hellip;]<\/p>\n","protected":false},"author":4,"featured_media":29518,"comment_status":"closed","ping_status":"closed","sticky":false,"template":"","format":"standard","meta":{"footnotes":""},"categories":[25,29],"tags":[],"class_list":["post-29517","post","type-post","status-publish","format-standard","has-post-thumbnail","hentry","category-costa-rica","category-esporte"],"_links":{"self":[{"href":"https:\/\/www.ocorreionews.com.br\/acervo-correio\/index.php?rest_route=\/wp\/v2\/posts\/29517","targetHints":{"allow":["GET"]}}],"collection":[{"href":"https:\/\/www.ocorreionews.com.br\/acervo-correio\/index.php?rest_route=\/wp\/v2\/posts"}],"about":[{"href":"https:\/\/www.ocorreionews.com.br\/acervo-correio\/index.php?rest_route=\/wp\/v2\/types\/post"}],"author":[{"embeddable":true,"href":"https:\/\/www.ocorreionews.com.br\/acervo-correio\/index.php?rest_route=\/wp\/v2\/users\/4"}],"replies":[{"embeddable":true,"href":"https:\/\/www.ocorreionews.com.br\/acervo-correio\/index.php?rest_route=%2Fwp%2Fv2%2Fcomments&post=29517"}],"version-history":[{"count":0,"href":"https:\/\/www.ocorreionews.com.br\/acervo-correio\/index.php?rest_route=\/wp\/v2\/posts\/29517\/revisions"}],"wp:featuredmedia":[{"embeddable":true,"href":"https:\/\/www.ocorreionews.com.br\/acervo-correio\/index.php?rest_route=\/wp\/v2\/media\/29518"}],"wp:attachment":[{"href":"https:\/\/www.ocorreionews.com.br\/acervo-correio\/index.php?rest_route=%2Fwp%2Fv2%2Fmedia&parent=29517"}],"wp:term":[{"taxonomy":"category","embeddable":true,"href":"https:\/\/www.ocorreionews.com.br\/acervo-correio\/index.php?rest_route=%2Fwp%2Fv2%2Fcategories&post=29517"},{"taxonomy":"post_tag","embeddable":true,"href":"https:\/\/www.ocorreionews.com.br\/acervo-correio\/index.php?rest_route=%2Fwp%2Fv2%2Ftags&post=29517"}],"curies":[{"name":"wp","href":"https:\/\/api.w.org\/{rel}","templated":true}]}}