{"id":29523,"date":"2016-06-09T07:09:53","date_gmt":"2016-06-09T11:09:53","guid":{"rendered":"https:\/\/ocorreionews.com.br\/?p=29523"},"modified":"2016-06-09T07:09:53","modified_gmt":"2016-06-09T11:09:53","slug":"acidente-com-onibus-no-interior-de-sao-paulo-matou-16-estudantes","status":"publish","type":"post","link":"https:\/\/www.ocorreionews.com.br\/acervo-correio\/?p=29523","title":{"rendered":"Acidente com \u00f4nibus no interior de S\u00e3o Paulo matou 16 estudantes"},"content":{"rendered":"<p>O <a href=\"http:\/\/g1.globo.com\/sp\/santos-regiao\/noticia\/2016\/06\/onibus-com-ao-menos-40-passageiros-tomba-na-rodovia-mogi-bertioga.html\" target=\"_blank\">\u00f4nibus que capotou na Rodovia Mogi-<\/a><a href=\"http:\/\/g1.globo.com\/sp\/santos-regiao\/noticia\/2016\/06\/onibus-que-capotou-e-matou-estudantes-e-retirado-de-barranco.html\" target=\"_blank\">Bertioga<\/a>\u00a0na noite desta quarta-feira (8) e matou, pelo menos, 16 pessoas, foi retirado do local por volta das 6h50 desta quinta-feira (9).\u00a0De acordo com informa\u00e7\u00f5es do Corpo de Bombeiros e da Pol\u00edcia Civil, 16 pessoas, incluindo o motorista, morreram e as outras 30 ficaram feridas. Inicialmente, a Pol\u00edcia Civil informou que 17 pessoas teriam morrido, mas, \u00e0s 5h15, voltou atr\u00e1s e corrigiu o n\u00famero para 16 mortos.<\/p>\n<div class=\"geolocalizacao-map componente_materia\" data-globalid=\"5c53d8fd-8d77-488f-9225-afc6b82bc27b\"><strong>local aproximado do acidente<\/strong><\/p>\n<ul>\n<li><a class=\"geolocalizacao-lightbox\" title=\"\" href=\"http:\/\/maps.googleapis.com\/maps\/api\/staticmap?zoom=10&amp;size=600x344&amp;sensor=false&amp;markers=color:red%7Ccolor:red%7Clabel:A%7C-23.575626,-46.1873082\"><img decoding=\"async\" src=\"http:\/\/maps.googleapis.com\/maps\/api\/staticmap?zoom=10&amp;size=300x167&amp;sensor=false&amp;markers=color:red%7Ccolor:red%7Clabel:A%7C-23.575626,-46.1873082\" \/><\/a><\/li>\n<\/ul>\n<\/div>\n<p>A rodovia foi totalmente interditada e todas as v\u00edtimas com vida foram resgatadas e levadas a hospitais pr\u00f3ximos. Um guincho realizava o trabalho de retirada do coletivo at\u00e9 \u00e0s 2h. A pista foi liberada \u00e0s 6h55. Um n\u00famero ainda n\u00e3o confirmado de feridos est\u00e1 em estado grave.<\/p>\n<p>O ve\u00edculo levava estudantes de tr\u00eas unidades de ensino da cidade de <a class=\"premium-tip\" href=\"http:\/\/g1.globo.com\/sp\/mogi-das-cruzes-suzano\/cidade\/mogi-das-cruzes.html\">Mogi das Cruzes<\/a> para o munic\u00edpio de S\u00e3o Sebasti\u00e3o. O \u00f4nibus seguia em comboio com outros tr\u00eas ve\u00edculos pelo km 84, no limite entre os munic\u00edpios de Mogi das Cruzes e Bertioga. Neste momento, o coletivo bateu em um rochedo na pista contr\u00e1ria, capotou e caiu em um barranco.<\/p>\n<p>Equipes do Corpo de Bombeiros e do Servi\u00e7o de Atendimento M\u00f3vel de Urg\u00eancia (SAMU) do litoral de S\u00e3o Paulo, e tamb\u00e9m de munic\u00edpios pr\u00f3ximos da regi\u00e3o, foram deslocadas para prestar atendimento \u00e0s v\u00edtimas. Equipes do Departamento de Estradas e Rodagem (DER) tamb\u00e9m est\u00e3o no local. A rodovia seguir\u00e1 interditada at\u00e9 8h.<\/p>\n<div id=\"5081204\" class=\"video componente_materia\" data-height=\"200\" data-width=\"320\"><\/div>\n<p>Segundo Edemir Pedralli, pai de uma das v\u00edtimas, a situa\u00e7\u00e3o no local ainda \u00e9 incerta. &#8220;Minha situa\u00e7\u00e3o \u00e9 de angustia. N\u00e3o sei o que aconteceu, n\u00e3o sei se meu filho est\u00e1 bem, se ele foi socorrido. Estava dormindo quando soube da not\u00edcia.&#8221;, disse o homem. Ainda de acordo com Edemir, seu filho cursa engenheira civil na Universidade de Mogi das Cruzes (UMC).<\/p>\n<p>As v\u00edtimas foram levadas para o Hospital Municipal de <a class=\"premium-tip\" href=\"http:\/\/g1.globo.com\/sp\/santos-regiao\/cidade\/bertioga.html\">Bertioga<\/a>, para o Hospital Santo Amaro, em Guaruj\u00e1, e para o Hospital das Cl\u00ednicas Luzia de Pinho Melo, que fica em Mogi das Cruzes. De acordo com o delegado F\u00e1bio Pierri, n\u00e3o chovia e n\u00e3o havia neblina no momento do acidente, mas a pista poderia estar escorregadia.<\/p>\n<p>Ainda de acordo com a Pol\u00edcia Civil, os corpos ser\u00e3o enviados para os IMLs de Guaruj\u00e1 e Mogi das Cruzes, mas h\u00e1 a chance de que alguns corpos sejam enviados para a unidade de Santos. O caso ser\u00e1 investigado pela Delegacia Sede de Bertioga.<\/p>\n<div class=\"foto componente_materia midia-largura-620\"><img loading=\"lazy\" decoding=\"async\" title=\"Ao menos 10 pessoas morreram em acidente na Mogi-Bertioga (Foto: Jamile Santana \/ G1)\" src=\"http:\/\/s2.glbimg.com\/5DcfSjfH0YWKZ94N8SxdrGnpFAA=\/620x465\/s.glbimg.com\/jo\/g1\/f\/original\/2016\/06\/09\/foto1.jpg\" alt=\"Ao menos 10 pessoas morreram em acidente na Mogi-Bertioga (Foto: Jamile Santana \/ G1)\" width=\"620\" height=\"465\" \/><\/div>\n<div class=\"foto componente_materia midia-largura-620\"><strong>Ao menos 10 pessoas morreram em acidente na Mogi-Bertioga (Foto: Jamile Santana \/ G1)<\/strong><\/div>\n<p><strong>Colis\u00e3o<\/strong><br \/>\nHoras ap\u00f3s o acidente com o \u00f4nibus, um caminh\u00e3o colidiu contra um guincho da DER e tamb\u00e9m contra um caminh\u00e3o do Corpo de Bombeiros. Estes ve\u00edculos estavam no trecho para ajudar a bloquear a via. As causas deste acidente s\u00e3o desconhecidas. Ningu\u00e9m ficou ferido.<\/p>\n<div class=\"foto componente_materia midia-largura-620\"><img loading=\"lazy\" decoding=\"async\" title=\"Caminh\u00e3o foi retirado do local na manh\u00e3 desta quinta-feira (Foto: Solange Freitas\/G1)\" src=\"http:\/\/s2.glbimg.com\/LtN36upDHVgRd6CI_I-SJgOnUcY=\/620x465\/s.glbimg.com\/jo\/g1\/f\/original\/2016\/06\/09\/whatsapp-image-20160609.jpg\" alt=\"Caminh\u00e3o foi retirado do local na manh\u00e3 desta quinta-feira (Foto: Solange Freitas\/G1)\" width=\"620\" height=\"465\" \/><\/div>\n<div class=\"foto componente_materia midia-largura-620\"><strong>Caminh\u00e3o foi retirado do local na manh\u00e3 desta quinta-feira (Foto: Solange Freitas\/G1)<\/strong><\/div>\n<div class=\"foto componente_materia midia-largura-620\"><span class=\"adr\"><span class=\"locality\">Do G1 Santos<\/span><\/span><\/div>\n","protected":false},"excerpt":{"rendered":"<p>O \u00f4nibus que capotou na Rodovia Mogi-Bertioga\u00a0na noite desta quarta-feira (8) e matou, pelo menos, 16 pessoas, foi retirado do local por volta das 6h50 desta quinta-feira (9).\u00a0De acordo com informa\u00e7\u00f5es do Corpo de Bombeiros e da Pol\u00edcia Civil, 16 pessoas, incluindo o motorista, morreram e as outras 30 ficaram feridas. Inicialmente, a Pol\u00edcia Civil [&hellip;]<\/p>\n","protected":false},"author":4,"featured_media":29524,"comment_status":"closed","ping_status":"closed","sticky":false,"template":"","format":"standard","meta":{"footnotes":""},"categories":[38],"tags":[],"class_list":["post-29523","post","type-post","status-publish","format-standard","has-post-thumbnail","hentry","category-policia"],"_links":{"self":[{"href":"https:\/\/www.ocorreionews.com.br\/acervo-correio\/index.php?rest_route=\/wp\/v2\/posts\/29523","targetHints":{"allow":["GET"]}}],"collection":[{"href":"https:\/\/www.ocorreionews.com.br\/acervo-correio\/index.php?rest_route=\/wp\/v2\/posts"}],"about":[{"href":"https:\/\/www.ocorreionews.com.br\/acervo-correio\/index.php?rest_route=\/wp\/v2\/types\/post"}],"author":[{"embeddable":true,"href":"https:\/\/www.ocorreionews.com.br\/acervo-correio\/index.php?rest_route=\/wp\/v2\/users\/4"}],"replies":[{"embeddable":true,"href":"https:\/\/www.ocorreionews.com.br\/acervo-correio\/index.php?rest_route=%2Fwp%2Fv2%2Fcomments&post=29523"}],"version-history":[{"count":0,"href":"https:\/\/www.ocorreionews.com.br\/acervo-correio\/index.php?rest_route=\/wp\/v2\/posts\/29523\/revisions"}],"wp:featuredmedia":[{"embeddable":true,"href":"https:\/\/www.ocorreionews.com.br\/acervo-correio\/index.php?rest_route=\/wp\/v2\/media\/29524"}],"wp:attachment":[{"href":"https:\/\/www.ocorreionews.com.br\/acervo-correio\/index.php?rest_route=%2Fwp%2Fv2%2Fmedia&parent=29523"}],"wp:term":[{"taxonomy":"category","embeddable":true,"href":"https:\/\/www.ocorreionews.com.br\/acervo-correio\/index.php?rest_route=%2Fwp%2Fv2%2Fcategories&post=29523"},{"taxonomy":"post_tag","embeddable":true,"href":"https:\/\/www.ocorreionews.com.br\/acervo-correio\/index.php?rest_route=%2Fwp%2Fv2%2Ftags&post=29523"}],"curies":[{"name":"wp","href":"https:\/\/api.w.org\/{rel}","templated":true}]}}