{"id":30871,"date":"2016-07-01T07:51:06","date_gmt":"2016-07-01T11:51:06","guid":{"rendered":"https:\/\/ocorreionews.com.br\/?p=30871"},"modified":"2016-07-01T07:51:06","modified_gmt":"2016-07-01T11:51:06","slug":"casa-do-trabalhador-volta-a-emitir-carteira-de-trabalho-em-costa-rica","status":"publish","type":"post","link":"https:\/\/www.ocorreionews.com.br\/acervo-correio\/?p=30871","title":{"rendered":"Casa do Trabalhador volta a emitir Carteira de Trabalho em Costa Rica"},"content":{"rendered":"<p style=\"text-align: justify;\">A SEMAD \u2013 Secretaria Municipal de Agricultura e Desenvolvimento \u2013 por meio da Casa do Trabalhador de Costa Rica &#8211; MS comunica que o Sistema de emiss\u00e3o de Registro Profissional j\u00e1 est\u00e1 novamente em funcionamento.<\/p>\n<p style=\"text-align: justify;\">Conforme informa\u00e7\u00f5es do gestor da Casa do Trabalhador de Costa Rica, Gilson Viana Garcia, a emiss\u00e3o da Carteira de Trabalho estava suspensa desde o dia 16 de maio deste ano, devido \u00e0 implanta\u00e7\u00e3o de um novo sistema de emiss\u00e3o on-line dando agilidade aos atendimentos.<\/p>\n<p style=\"text-align: justify;\">\u201cDevido \u00e0 troca de sistemas o processo ainda esta lento, demorando cerca de 40 minutos para cada carteira. Ent\u00e3o aos que vierem pe\u00e7o a compreens\u00e3o devido ao tempo que demora\u201d, explica o gestor e ainda complementa: \u201cA foto das Carteiras de trabalho s\u00e3o tiradas na hora, mas as carteiras demoram cerca de 20 dias ap\u00f3s a data de emiss\u00e3o para chegar\u201d.<\/p>\n<p style=\"text-align: justify;\">Ainda de acordo com o gestor da Casa do Trabalhador de Costa Rica, as sextas-feiras n\u00e3o est\u00e3o sendo emitidas as carteiras de trabalho, pois \u00e9 o dia que o sistema nacional de emiss\u00e3o reservou para fazer alguns ajustes no programa de emiss\u00e3o do documento.<\/p>\n<p style=\"text-align: justify;\"><strong>Confira abaixo os documentos necess\u00e1rios para emiss\u00e3o da Carteira de Trabalho:<\/strong><br \/>\nPara a 1\u00aa via (quem nunca teve carteira de trabalho) &#8211; Identidade, CPF, Certid\u00e3o de nascimento\/casamento, Comprovante de resid\u00eancia e Titulo de eleitor (para quem j\u00e1 o tiver).<br \/>\nPara 2\u00aa via (quem n\u00e3o tem a carteira de trabalho em m\u00e3o, perdeu, etc.) \u2013 Identidade, CPF, Certid\u00e3o de nascimento\/casamento, Comprovante de resid\u00eancia, Titulo de eleitor, CNIS (retirar no INSS) e Boletim de ocorr\u00eancia.<\/p>\n<p style=\"text-align: justify;\">Para Continua\u00e7\u00e3o (quem tem a carteira de trabalho em m\u00e3os e esta completa ou invalida) &#8211; Carteira de trabalho antiga, Identidade, CPF, Certid\u00e3o de nascimento\/casamento, Comprovante de resid\u00eancia, Titulo de eleitor.<\/p>\n<p style=\"text-align: justify;\">Os interessados podem procurar a unidade da Casa do Trabalhador localizada na Rua Josina Garcia de Melo \u2013 N\u00b0 205, Centro de Costa Rica. Mais informa\u00e7\u00f5es: (67) 3247 4681 \/ (67) 3247 4689.<\/p>\n<p style=\"text-align: justify;\"><strong>Nova Carteira de Trabalho:<\/strong><br \/>\nA nova Carteira Profissional \u00e9 v\u00e1lida em todo o territ\u00f3rio nacional e, al\u00e9m das informa\u00e7\u00f5es do Registro Profissional antigo, vem uma tarjeta magn\u00e9tica e numera\u00e7\u00e3o \u00fanica para todas as vias, com uma apar\u00eancia semelhante \u00e0 de um passaporte.<\/p>\n<p style=\"text-align: justify;\">As mudan\u00e7as buscam reduzir o n\u00famero de fraudes, por favorecer a seguran\u00e7a nos processos operacionais. Outra vantagem do modelo \u00e9 informar se o empregador vem recolhendo corretamente o FGTS \u2013 Fundo de Garantia do Tempo de Servi\u00e7o- e as contribui\u00e7\u00f5es previdenci\u00e1rias.<\/p>\n<p style=\"text-align: justify;\">Todas as informa\u00e7\u00f5es, ap\u00f3s serem digitalizadas, s\u00e3o armazenadas em um banco de dados.<\/p>\n","protected":false},"excerpt":{"rendered":"<p>A SEMAD \u2013 Secretaria Municipal de Agricultura e Desenvolvimento \u2013 por meio da Casa do Trabalhador de Costa Rica &#8211; MS comunica que o Sistema de emiss\u00e3o de Registro Profissional j\u00e1 est\u00e1 novamente em funcionamento. Conforme informa\u00e7\u00f5es do gestor da Casa do Trabalhador de Costa Rica, Gilson Viana Garcia, a emiss\u00e3o da Carteira de Trabalho [&hellip;]<\/p>\n","protected":false},"author":4,"featured_media":30201,"comment_status":"closed","ping_status":"closed","sticky":false,"template":"","format":"standard","meta":{"footnotes":""},"categories":[25],"tags":[],"class_list":["post-30871","post","type-post","status-publish","format-standard","has-post-thumbnail","hentry","category-costa-rica"],"_links":{"self":[{"href":"https:\/\/www.ocorreionews.com.br\/acervo-correio\/index.php?rest_route=\/wp\/v2\/posts\/30871","targetHints":{"allow":["GET"]}}],"collection":[{"href":"https:\/\/www.ocorreionews.com.br\/acervo-correio\/index.php?rest_route=\/wp\/v2\/posts"}],"about":[{"href":"https:\/\/www.ocorreionews.com.br\/acervo-correio\/index.php?rest_route=\/wp\/v2\/types\/post"}],"author":[{"embeddable":true,"href":"https:\/\/www.ocorreionews.com.br\/acervo-correio\/index.php?rest_route=\/wp\/v2\/users\/4"}],"replies":[{"embeddable":true,"href":"https:\/\/www.ocorreionews.com.br\/acervo-correio\/index.php?rest_route=%2Fwp%2Fv2%2Fcomments&post=30871"}],"version-history":[{"count":0,"href":"https:\/\/www.ocorreionews.com.br\/acervo-correio\/index.php?rest_route=\/wp\/v2\/posts\/30871\/revisions"}],"wp:featuredmedia":[{"embeddable":true,"href":"https:\/\/www.ocorreionews.com.br\/acervo-correio\/index.php?rest_route=\/wp\/v2\/media\/30201"}],"wp:attachment":[{"href":"https:\/\/www.ocorreionews.com.br\/acervo-correio\/index.php?rest_route=%2Fwp%2Fv2%2Fmedia&parent=30871"}],"wp:term":[{"taxonomy":"category","embeddable":true,"href":"https:\/\/www.ocorreionews.com.br\/acervo-correio\/index.php?rest_route=%2Fwp%2Fv2%2Fcategories&post=30871"},{"taxonomy":"post_tag","embeddable":true,"href":"https:\/\/www.ocorreionews.com.br\/acervo-correio\/index.php?rest_route=%2Fwp%2Fv2%2Ftags&post=30871"}],"curies":[{"name":"wp","href":"https:\/\/api.w.org\/{rel}","templated":true}]}}