{"id":30951,"date":"2016-07-02T08:22:06","date_gmt":"2016-07-02T12:22:06","guid":{"rendered":"https:\/\/ocorreionews.com.br\/?p=30951"},"modified":"2016-07-02T08:22:06","modified_gmt":"2016-07-02T12:22:06","slug":"figueirao-realizou-2o-simposio-da-pecuaria-leiteira","status":"publish","type":"post","link":"https:\/\/www.ocorreionews.com.br\/acervo-correio\/?p=30951","title":{"rendered":"Figueir\u00e3o realizou 2\u00ba Simp\u00f3sio da Pecu\u00e1ria Leiteira"},"content":{"rendered":"<div class=\"col-xs-12 col-sm-6 col-md-6\">\n<p>A busca dos pequenos produtores rurais de Mato Grosso do Sul pelo acesso ao Programa Nacional de Fortalecimento da Agricultura Familiar (Pronaf), pode dobrar, segundo estimativa do gerente do Banco do Brasil ao Norte de MS, Zilv\u00e2nio Theodoro de Souza. S\u00f3 em Figueir\u00e3o (MS) o Programa somou o acesso de R$ 22 milh\u00f5es de cr\u00e9dito no per\u00edodo de um ano, para investimento e custeio, agora, com sua reformula\u00e7\u00e3o e queda dos juros de 5,5% para 2,5% ao ano, a estimativa do gerente \u00e9 que se dobre o acesso, em curto prazo. A expectativa do representante do Banco do Brasil foi exposta nesta sexta-feira (1), para cerca de 150 pecuaristas que participaram do 2\u00ba Simp\u00f3sio da Pecu\u00e1ria Leiteira, realizado pela Prefeitura Municipal de Figueir\u00e3o.<\/p>\n<p><a href=\"https:\/\/ocorreionews.com.br\/wp-content\/uploads\/2016\/07\/simposio.jpg\"><img loading=\"lazy\" decoding=\"async\" class=\"alignnone size-medium wp-image-30952\" src=\"https:\/\/ocorreionews.com.br\/wp-content\/uploads\/2016\/07\/simposio-300x200.jpg\" alt=\"simposio\" width=\"300\" height=\"200\" srcset=\"https:\/\/www.ocorreionews.com.br\/acervo-correio\/wp-content\/uploads\/2016\/07\/simposio-300x200.jpg 300w, https:\/\/www.ocorreionews.com.br\/acervo-correio\/wp-content\/uploads\/2016\/07\/simposio-768x511.jpg 768w, https:\/\/www.ocorreionews.com.br\/acervo-correio\/wp-content\/uploads\/2016\/07\/simposio.jpg 960w\" sizes=\"auto, (max-width: 300px) 100vw, 300px\" \/><\/a><\/p>\n<p>Segundo o tamb\u00e9m gerente do Banco do Brasil, ag\u00eancia Costa Rica, Fl\u00e1vio Guilherme Alcantu, assim como Figueir\u00e3o, os munic\u00edpios de Alcin\u00f3polis, Costa Rica e Camapu\u00e3, tamb\u00e9m devem elevar a busca pelo Pronaf. \u201cEsses munic\u00edpios, possuem alt\u00edssimo potencial produtivo. O agroneg\u00f3cio na regi\u00e3o tem muito a crescer, o que falta \u00e9 que os pr\u00f3prios produtores rurais acreditem no seu empreendedorismo e trabalhem o melhoramento gen\u00e9tico do rebanho, estimulando tanto a pecu\u00e1ria de corte, como a de leite, grandes aptid\u00f5es da regi\u00e3o\u201d, pontua Alcantu.<\/p>\n<p><a href=\"https:\/\/ocorreionews.com.br\/wp-content\/uploads\/2016\/07\/simposio4.jpg\"><img loading=\"lazy\" decoding=\"async\" class=\"alignnone size-medium wp-image-30954\" src=\"https:\/\/ocorreionews.com.br\/wp-content\/uploads\/2016\/07\/simposio4-200x300.jpg\" alt=\"simposio4\" width=\"200\" height=\"300\" srcset=\"https:\/\/www.ocorreionews.com.br\/acervo-correio\/wp-content\/uploads\/2016\/07\/simposio4-200x300.jpg 200w, https:\/\/www.ocorreionews.com.br\/acervo-correio\/wp-content\/uploads\/2016\/07\/simposio4.jpg 639w\" sizes=\"auto, (max-width: 200px) 100vw, 200px\" \/><\/a><\/p>\n<p>Durante o 2\u00ba Simp\u00f3sio de Pecu\u00e1ria Leiteira o pecuarista, Carlos Adriano Carneiro, que com recursos pr\u00f3prios, elevou sua produ\u00e7\u00e3o de leite em quase 360%, passando de 18 mil litros por ano, para 84 mil litros, mostra-se atra\u00eddo pela baixa no juros e pretende o acesso \u00e0 linha de cr\u00e9dito voltada para pequenas propriedades rurais. \u201cSem linha de cr\u00e9dito tive picos de produ\u00e7\u00e3o que chegaram a 420 litros de leite em um dia, com 42 vacas. Mas quero chegar a 500 litros por dia e ainda implantar uma \u00e1rea de pastagem com irriga\u00e7\u00e3o, aumentando volume e qualidade do leite\u201d, enfatiza Carneiro, que trabalha sob uma \u00e1rea de 100 hectares, investindo em ra\u00e7as como girolando e holandesa.<\/p>\n<p>Com investimentos na produ\u00e7\u00e3o Carneiro agregou valor ao produto. Com contribui\u00e7\u00e3o do andamento do mercado o litro do leite, que h\u00e1 dois anos, ele entregava para o latic\u00edneo por R$ 0,40, atualmente comercializa por R$ 1,35. \u201cO mercado ajudou, mas o que vejo como diferen\u00e7a foi o investimento em gen\u00e9tica, pastagem, silagem e moderniza\u00e7\u00e3o da propriedade, estimula pelo Programa Produzir Mais\u201d, ressalta o pecuarista.<\/p>\n<p><a href=\"https:\/\/ocorreionews.com.br\/wp-content\/uploads\/2016\/07\/simposio2.jpg\"><img loading=\"lazy\" decoding=\"async\" class=\"alignnone size-medium wp-image-30953\" src=\"https:\/\/ocorreionews.com.br\/wp-content\/uploads\/2016\/07\/simposio2-200x300.jpg\" alt=\"simposio2\" width=\"200\" height=\"300\" srcset=\"https:\/\/www.ocorreionews.com.br\/acervo-correio\/wp-content\/uploads\/2016\/07\/simposio2-200x300.jpg 200w, https:\/\/www.ocorreionews.com.br\/acervo-correio\/wp-content\/uploads\/2016\/07\/simposio2.jpg 640w\" sizes=\"auto, (max-width: 200px) 100vw, 200px\" \/><\/a><\/p>\n<p>De acordo com o prefeito de Figueir\u00e3o, Rog\u00e9rio Rosalin, 16 pecuaristas participam atualmente do Produzir Mais, Programa que avalia e d\u00e1 assist\u00eancia t\u00e9cnica gratuita \u00e0s propriedades do munic\u00edpio. \u201cEssa \u00e9 nossa primeira etapa, e em menos de um ano o programa j\u00e1 rendeu bons fruto, principalmente \u00e0 pecu\u00e1ria leiteira. Com o acesso ao cr\u00e9dito, os pecuaristas da regi\u00e3o v\u00e3o poder elevar a qualidade e se empenhar em uma produ\u00e7\u00e3o ainda mais eficaz\u201d, finaliza Rosalin.<\/p>\n<p>O 2\u00ba Simp\u00f3sio de Pecu\u00e1ria Leiteira contou com a participa\u00e7\u00e3o do presidente da Ag\u00eancia Estadual de Defesa Sanit\u00e1ria Animal e Vegetal (Iagro), Luciano Chiochetta, e do propriet\u00e1rio da Hana Latin Am\u00e9rica Importa\u00e7\u00e3o e Exporta\u00e7\u00e3o, Masaharu Shimizu.<\/p>\n<p><a href=\"https:\/\/ocorreionews.com.br\/wp-content\/uploads\/2016\/07\/simposio23.jpg\"><img loading=\"lazy\" decoding=\"async\" class=\"alignnone size-medium wp-image-30956\" src=\"https:\/\/ocorreionews.com.br\/wp-content\/uploads\/2016\/07\/simposio23-300x201.jpg\" alt=\"simposio23\" width=\"300\" height=\"201\" srcset=\"https:\/\/www.ocorreionews.com.br\/acervo-correio\/wp-content\/uploads\/2016\/07\/simposio23-300x201.jpg 300w, https:\/\/www.ocorreionews.com.br\/acervo-correio\/wp-content\/uploads\/2016\/07\/simposio23-768x514.jpg 768w, https:\/\/www.ocorreionews.com.br\/acervo-correio\/wp-content\/uploads\/2016\/07\/simposio23.jpg 960w\" sizes=\"auto, (max-width: 300px) 100vw, 300px\" \/><\/a><br \/>\nTexto: Diego Silva<\/p>\n<p>Fotos: Assessoria de Comunica\u00e7\u00e3o<\/p>\n<\/div>\n","protected":false},"excerpt":{"rendered":"<p>A busca dos pequenos produtores rurais de Mato Grosso do Sul pelo acesso ao Programa Nacional de Fortalecimento da Agricultura Familiar (Pronaf), pode dobrar, segundo estimativa do gerente do Banco do Brasil ao Norte de MS, Zilv\u00e2nio Theodoro de Souza. S\u00f3 em Figueir\u00e3o (MS) o Programa somou o acesso de R$ 22 milh\u00f5es de cr\u00e9dito [&hellip;]<\/p>\n","protected":false},"author":4,"featured_media":30955,"comment_status":"closed","ping_status":"closed","sticky":false,"template":"","format":"standard","meta":{"footnotes":""},"categories":[30],"tags":[],"class_list":["post-30951","post","type-post","status-publish","format-standard","has-post-thumbnail","hentry","category-figueirao"],"_links":{"self":[{"href":"https:\/\/www.ocorreionews.com.br\/acervo-correio\/index.php?rest_route=\/wp\/v2\/posts\/30951","targetHints":{"allow":["GET"]}}],"collection":[{"href":"https:\/\/www.ocorreionews.com.br\/acervo-correio\/index.php?rest_route=\/wp\/v2\/posts"}],"about":[{"href":"https:\/\/www.ocorreionews.com.br\/acervo-correio\/index.php?rest_route=\/wp\/v2\/types\/post"}],"author":[{"embeddable":true,"href":"https:\/\/www.ocorreionews.com.br\/acervo-correio\/index.php?rest_route=\/wp\/v2\/users\/4"}],"replies":[{"embeddable":true,"href":"https:\/\/www.ocorreionews.com.br\/acervo-correio\/index.php?rest_route=%2Fwp%2Fv2%2Fcomments&post=30951"}],"version-history":[{"count":0,"href":"https:\/\/www.ocorreionews.com.br\/acervo-correio\/index.php?rest_route=\/wp\/v2\/posts\/30951\/revisions"}],"wp:featuredmedia":[{"embeddable":true,"href":"https:\/\/www.ocorreionews.com.br\/acervo-correio\/index.php?rest_route=\/wp\/v2\/media\/30955"}],"wp:attachment":[{"href":"https:\/\/www.ocorreionews.com.br\/acervo-correio\/index.php?rest_route=%2Fwp%2Fv2%2Fmedia&parent=30951"}],"wp:term":[{"taxonomy":"category","embeddable":true,"href":"https:\/\/www.ocorreionews.com.br\/acervo-correio\/index.php?rest_route=%2Fwp%2Fv2%2Fcategories&post=30951"},{"taxonomy":"post_tag","embeddable":true,"href":"https:\/\/www.ocorreionews.com.br\/acervo-correio\/index.php?rest_route=%2Fwp%2Fv2%2Ftags&post=30951"}],"curies":[{"name":"wp","href":"https:\/\/api.w.org\/{rel}","templated":true}]}}