{"id":31094,"date":"2016-07-05T08:45:26","date_gmt":"2016-07-05T12:45:26","guid":{"rendered":"https:\/\/ocorreionews.com.br\/?p=31094"},"modified":"2016-07-05T08:45:26","modified_gmt":"2016-07-05T12:45:26","slug":"costa-rica-cantoria-acaba-em-socos-e-strip-tease-em-delegacia","status":"publish","type":"post","link":"https:\/\/www.ocorreionews.com.br\/acervo-correio\/?p=31094","title":{"rendered":"Costa Rica: Cantoria acaba em socos e strip-tease em delegacia"},"content":{"rendered":"<p>Na madrugada do ultimo domingo, dia 03 de julho, a Policia Militar de Costa Rica atendeu um caso de agress\u00e3o sem motivo aparente.<\/p>\n<p>A vitima, o Sr Jos\u00e9 de 67 anos relatada que estava em casa cantando com seus amigos quando o jovem Adam\u00e9zio, de apenas 25 anos, entrou no local j\u00e1 deferindo golpes contra a vitima.<\/p>\n<p>Ap\u00f3s luta corporal, ambas as partes sofreram les\u00e3o e tiveram que ser contidas por testemunhas, que relataram n\u00e3o entender o motivo da a\u00e7\u00e3o praticada pelo jovem acusado.<\/p>\n<p>Com a chegada da Policia, Adam\u00e9zio foi interrogado, mas devido estar embriagado, n\u00e3o conseguia explicar os motivos que levaram a conduta errada. Ap\u00f3s ser informado que seria direcionado a delegacia, o autor se negou a ir e tentou agredir o Policial Militar. Dessa forma, as autoridades presentes tiveram que conter a agress\u00e3o sendo necess\u00e1rio o uso moderado da for\u00e7a para imobiliza-lo.<\/p>\n<p>As partes envolvidas foram encaminhadas a delegacia, mas chegando na unidade policial o autor se recusou a descer da viatura, e quando foi dada nova ordem, em um ato continuo, o jovem Adam\u00e9zio tirou suas roupas ficando nu. Posteriormente, o mesmo acabou preso.<\/p>\n<p>Diante dos fatos, foi aberta ocorr\u00eancia e encaminhado a Delegacia de Policia Civil de Costa Rica. As devidas provid\u00eancias est\u00e3o sendo tomadas pelas autoridades locais.<\/p>\n<p>&nbsp;<\/p>\n<div class=\"clear\"><\/div>\n<div class=\"fonte\">Fonte: MS TODO DIA<\/div>\n","protected":false},"excerpt":{"rendered":"<p>Na madrugada do ultimo domingo, dia 03 de julho, a Policia Militar de Costa Rica atendeu um caso de agress\u00e3o sem motivo aparente. A vitima, o Sr Jos\u00e9 de 67 anos relatada que estava em casa cantando com seus amigos quando o jovem Adam\u00e9zio, de apenas 25 anos, entrou no local j\u00e1 deferindo golpes contra [&hellip;]<\/p>\n","protected":false},"author":4,"featured_media":6084,"comment_status":"closed","ping_status":"closed","sticky":false,"template":"","format":"standard","meta":{"footnotes":""},"categories":[25,38],"tags":[],"class_list":["post-31094","post","type-post","status-publish","format-standard","has-post-thumbnail","hentry","category-costa-rica","category-policia"],"_links":{"self":[{"href":"https:\/\/www.ocorreionews.com.br\/acervo-correio\/index.php?rest_route=\/wp\/v2\/posts\/31094","targetHints":{"allow":["GET"]}}],"collection":[{"href":"https:\/\/www.ocorreionews.com.br\/acervo-correio\/index.php?rest_route=\/wp\/v2\/posts"}],"about":[{"href":"https:\/\/www.ocorreionews.com.br\/acervo-correio\/index.php?rest_route=\/wp\/v2\/types\/post"}],"author":[{"embeddable":true,"href":"https:\/\/www.ocorreionews.com.br\/acervo-correio\/index.php?rest_route=\/wp\/v2\/users\/4"}],"replies":[{"embeddable":true,"href":"https:\/\/www.ocorreionews.com.br\/acervo-correio\/index.php?rest_route=%2Fwp%2Fv2%2Fcomments&post=31094"}],"version-history":[{"count":0,"href":"https:\/\/www.ocorreionews.com.br\/acervo-correio\/index.php?rest_route=\/wp\/v2\/posts\/31094\/revisions"}],"wp:featuredmedia":[{"embeddable":true,"href":"https:\/\/www.ocorreionews.com.br\/acervo-correio\/index.php?rest_route=\/wp\/v2\/media\/6084"}],"wp:attachment":[{"href":"https:\/\/www.ocorreionews.com.br\/acervo-correio\/index.php?rest_route=%2Fwp%2Fv2%2Fmedia&parent=31094"}],"wp:term":[{"taxonomy":"category","embeddable":true,"href":"https:\/\/www.ocorreionews.com.br\/acervo-correio\/index.php?rest_route=%2Fwp%2Fv2%2Fcategories&post=31094"},{"taxonomy":"post_tag","embeddable":true,"href":"https:\/\/www.ocorreionews.com.br\/acervo-correio\/index.php?rest_route=%2Fwp%2Fv2%2Ftags&post=31094"}],"curies":[{"name":"wp","href":"https:\/\/api.w.org\/{rel}","templated":true}]}}