{"id":31096,"date":"2016-07-05T08:59:39","date_gmt":"2016-07-05T12:59:39","guid":{"rendered":"https:\/\/ocorreionews.com.br\/?p=31096"},"modified":"2016-07-05T08:59:39","modified_gmt":"2016-07-05T12:59:39","slug":"divulgado-a-relacao-de-musicas-inscritas-para-virada-cultural-em-chapadao-do-sul","status":"publish","type":"post","link":"https:\/\/www.ocorreionews.com.br\/acervo-correio\/?p=31096","title":{"rendered":"Divulgado a rela\u00e7\u00e3o de m\u00fasicas inscritas para Virada Cultural em Chapad\u00e3o do Sul"},"content":{"rendered":"<p>A Secretaria de Cultura e Esporte divulgou nesta segunda-feira, 04, a a rela\u00e7\u00e3o de m\u00fasicas inscritas para o Festival da Can\u00e7\u00e3o at\u00e9 o momento, nas categorias GOSPEL, MPB E SERTANEJO.<\/p>\n<p>De acordo com os organizadores do evento, \u00e9 importante publicar a rela\u00e7\u00e3o das m\u00fasicas para que n\u00e3o haja repeti\u00e7\u00e3o de m\u00fasicas entre os participantes.<\/p>\n<p>O Festival da Can\u00e7\u00e3o faz parte da programa\u00e7\u00e3o da VIRADA CULTURAL 2016, de 19 a 23 de Julho, com toda estrutura montada na Pra\u00e7a de Eventos.<\/p>\n<p>Veja abaixo as m\u00fasicas j\u00e1 inscritas:<\/p>\n<p align=\"center\"><strong>LISTA DE M\u00daSICAS INSCRITAS PARA O FESTIVAL DA CAN\u00c7\u00c3O<\/strong><\/p>\n<table border=\"1\" width=\"543\" cellspacing=\"0\" cellpadding=\"0\" align=\"left\">\n<tbody>\n<tr>\n<td colspan=\"3\">\n<p align=\"center\">GOSPEL<\/p>\n<\/td>\n<\/tr>\n<tr>\n<td><strong>N\u00ba<\/strong><\/td>\n<td>\n<p align=\"center\">M\u00fasicas<\/p>\n<\/td>\n<td>\n<p align=\"center\">Compositores<\/p>\n<\/td>\n<\/tr>\n<tr>\n<td>\n<p align=\"center\">01<\/p>\n<\/td>\n<td>Obrigado<\/td>\n<td>Fernando Iglesias<\/td>\n<\/tr>\n<tr>\n<td>\n<p align=\"center\">02<\/p>\n<\/td>\n<td>O c\u00e9u vai revelar<\/td>\n<td>Nadson Portugal<\/td>\n<\/tr>\n<tr>\n<td>\n<p align=\"center\">03<\/p>\n<\/td>\n<td>O galileu<\/td>\n<td>Felipe Valente<\/td>\n<\/tr>\n<tr>\n<td>\n<p align=\"center\">04<\/p>\n<\/td>\n<td>Perd\u00e3o<\/td>\n<td>Paulo C\u00e9sar Baruk<\/td>\n<\/tr>\n<tr>\n<td>\n<p align=\"center\">05<\/p>\n<\/td>\n<td>Incompletude<\/td>\n<td>Guilherme de s\u00e1 (Rosa de Saron)<\/td>\n<\/tr>\n<tr>\n<td>\n<p align=\"center\">06<\/p>\n<\/td>\n<td>Deo vero<\/td>\n<td>Guilherme de s\u00e1 (Rosa de Saron)<\/td>\n<\/tr>\n<tr>\n<td>\n<p align=\"center\">07<\/p>\n<\/td>\n<td>Casa do pai<\/td>\n<td>Aline barros<\/td>\n<\/tr>\n<tr>\n<td>\n<p align=\"center\">08<\/p>\n<\/td>\n<td>Amigo Esp\u00edrito Santo<\/td>\n<td>Cassiane<\/td>\n<\/tr>\n<tr>\n<td>\n<p align=\"center\">09<\/p>\n<\/td>\n<td>Pra qu\u00ea<\/td>\n<td>Pr. Carlos Moises( Voz da Verdade)<\/td>\n<\/tr>\n<tr>\n<td>\n<p align=\"center\">10<\/p>\n<\/td>\n<td>N\u00e3o morrerei<\/td>\n<td>Marquinhos Gomes<\/td>\n<\/tr>\n<tr>\n<td>\n<p align=\"center\">11<\/p>\n<\/td>\n<td>Aleluia<\/td>\n<td>Gabriela<\/td>\n<\/tr>\n<tr>\n<td>\n<p align=\"center\">12<\/p>\n<\/td>\n<td>Estou contigo<\/td>\n<td>Jotta A<\/td>\n<\/tr>\n<tr>\n<td>\n<p align=\"center\">13<\/p>\n<\/td>\n<td>Hora de vencer<\/td>\n<td>Andre e Felipe<\/td>\n<\/tr>\n<tr>\n<td>\n<p align=\"center\">14<\/p>\n<\/td>\n<td>Hospital<\/td>\n<td>Anderson freire<\/td>\n<\/tr>\n<\/tbody>\n<\/table>\n<p align=\"center\">\n<table border=\"1\" width=\"553\" cellspacing=\"0\" cellpadding=\"0\" align=\"left\">\n<tbody>\n<tr>\n<td colspan=\"3\">\n<p align=\"center\">MPB<\/p>\n<\/td>\n<\/tr>\n<tr>\n<td><strong>N\u00ba<\/strong><\/td>\n<td>\n<p align=\"center\">M\u00fasicas<\/p>\n<\/td>\n<td>\n<p align=\"center\">Compositores<\/p>\n<\/td>\n<\/tr>\n<tr>\n<td>\n<p align=\"center\">01<\/p>\n<\/td>\n<td>A primeira vista<\/td>\n<td>Daniela mercuri<\/td>\n<\/tr>\n<tr>\n<td>\n<p align=\"center\">02<\/p>\n<\/td>\n<td>Como nossos pais<\/td>\n<td>Elis regina<\/td>\n<\/tr>\n<tr>\n<td>\n<p align=\"center\">03<\/p>\n<\/td>\n<td>Minha Estranha Loucura<\/td>\n<td>MICHAEL SULLIVAN E PAULO MASSADAS<\/td>\n<\/tr>\n<tr>\n<td>\n<p align=\"center\">04<\/p>\n<\/td>\n<td>Amor Surreal<\/td>\n<td>Michael Sullivan, Carlos Colla e Miguel Plopschi<\/td>\n<\/tr>\n<tr>\n<td>\n<p align=\"center\">05<\/p>\n<\/td>\n<td>Voa liberdade<\/td>\n<td>Jess\u00e9<\/td>\n<\/tr>\n<tr>\n<td>\n<p align=\"center\">06<\/p>\n<\/td>\n<td>Condor<\/td>\n<td>Oswaldo Montenegro<\/td>\n<\/tr>\n<tr>\n<td>\n<p align=\"center\">07<\/p>\n<\/td>\n<td>Jo\u00e3o de Barro<\/td>\n<td>Maria Gadu<\/td>\n<\/tr>\n<tr>\n<td>\n<p align=\"center\">08<\/p>\n<\/td>\n<td>Sem ar<\/td>\n<td>D\u00b4 Black<\/td>\n<\/tr>\n<\/tbody>\n<\/table>\n<p align=\"center\">\n<table border=\"1\" width=\"543\" cellspacing=\"0\" cellpadding=\"0\" align=\"left\">\n<tbody>\n<tr>\n<td colspan=\"3\">\n<p align=\"center\">SERTANEJO<\/p>\n<\/td>\n<\/tr>\n<tr>\n<td><strong>N\u00ba<\/strong><\/td>\n<td>\n<p align=\"center\">M\u00fasicas<\/p>\n<\/td>\n<td>\n<p align=\"center\">Compositores<\/p>\n<\/td>\n<\/tr>\n<tr>\n<td>\n<p align=\"center\">01<\/p>\n<\/td>\n<td>Um S\u00e9culo sem ti<\/td>\n<td>Mato Grosso e Mathias<\/td>\n<\/tr>\n<tr>\n<td>\n<p align=\"center\">02<\/p>\n<\/td>\n<td>M\u00fasica Inspira\u00e7\u00e3o Cabocla<\/td>\n<td>Cristian e Ralf<\/td>\n<\/tr>\n<tr>\n<td>\n<p align=\"center\">03<\/p>\n<\/td>\n<td>Que pena<\/td>\n<td>Felipe e Falc\u00e3o<\/td>\n<\/tr>\n<tr>\n<td>\n<p align=\"center\">04<\/p>\n<\/td>\n<td>Paix\u00e3o Proibida<\/td>\n<td>Teodoro e Sampaio<\/td>\n<\/tr>\n<tr>\n<td>\n<p align=\"center\">05<\/p>\n<\/td>\n<td>N\u00e3o desligue o r\u00e1dio<\/td>\n<td>Chit\u00e3ozinho e Xoror\u00f3<\/td>\n<\/tr>\n<tr>\n<td>\n<p align=\"center\">06<\/p>\n<\/td>\n<td>Falando as paredes<\/td>\n<td>Chit\u00e3ozinho e Xoror\u00f3<\/td>\n<\/tr>\n<tr>\n<td>\n<p align=\"center\">07<\/p>\n<\/td>\n<td>caminhonete inteira<\/td>\n<td>Aleksandro em parceria com Guilherme Rosa e Adriano Rodrigo<\/td>\n<\/tr>\n<tr>\n<td>\n<p align=\"center\">08<\/p>\n<\/td>\n<td>maus bocados<\/td>\n<td>Gabriel &amp; Rafael<\/td>\n<\/tr>\n<tr>\n<td>\n<p align=\"center\">09<\/p>\n<\/td>\n<td>OS MENINOS DO BRASIL<\/td>\n<td>CHIT\u00c3OZINHO E XOROR\u00d3<\/td>\n<\/tr>\n<tr>\n<td>\n<p align=\"center\">10<\/p>\n<\/td>\n<td>MEU DISFARCE<\/td>\n<td>BRUNO E MARRONE<\/td>\n<\/tr>\n<tr>\n<td>\n<p align=\"center\">11<\/p>\n<\/td>\n<td>Cuitelinho<\/td>\n<td>Paulo Vanzoline<\/td>\n<\/tr>\n<tr>\n<td>\n<p align=\"center\">12<\/p>\n<\/td>\n<td>Prisioneiro<\/td>\n<td>Ronaldo Viola<\/td>\n<\/tr>\n<tr>\n<td>\n<p align=\"center\">13<\/p>\n<\/td>\n<td>&nbsp;<\/td>\n<td>&nbsp;<\/td>\n<\/tr>\n<tr>\n<td>\n<p align=\"center\">14<\/p>\n<\/td>\n<td>&nbsp;<\/td>\n<td><\/td>\n<\/tr>\n<\/tbody>\n<\/table>\n","protected":false},"excerpt":{"rendered":"<p>A Secretaria de Cultura e Esporte divulgou nesta segunda-feira, 04, a a rela\u00e7\u00e3o de m\u00fasicas inscritas para o Festival da Can\u00e7\u00e3o at\u00e9 o momento, nas categorias GOSPEL, MPB E SERTANEJO. De acordo com os organizadores do evento, \u00e9 importante publicar a rela\u00e7\u00e3o das m\u00fasicas para que n\u00e3o haja repeti\u00e7\u00e3o de m\u00fasicas entre os participantes. O [&hellip;]<\/p>\n","protected":false},"author":4,"featured_media":30177,"comment_status":"closed","ping_status":"closed","sticky":false,"template":"","format":"standard","meta":{"footnotes":""},"categories":[23],"tags":[],"class_list":["post-31096","post","type-post","status-publish","format-standard","has-post-thumbnail","hentry","category-chapadao-do-sul"],"_links":{"self":[{"href":"https:\/\/www.ocorreionews.com.br\/acervo-correio\/index.php?rest_route=\/wp\/v2\/posts\/31096","targetHints":{"allow":["GET"]}}],"collection":[{"href":"https:\/\/www.ocorreionews.com.br\/acervo-correio\/index.php?rest_route=\/wp\/v2\/posts"}],"about":[{"href":"https:\/\/www.ocorreionews.com.br\/acervo-correio\/index.php?rest_route=\/wp\/v2\/types\/post"}],"author":[{"embeddable":true,"href":"https:\/\/www.ocorreionews.com.br\/acervo-correio\/index.php?rest_route=\/wp\/v2\/users\/4"}],"replies":[{"embeddable":true,"href":"https:\/\/www.ocorreionews.com.br\/acervo-correio\/index.php?rest_route=%2Fwp%2Fv2%2Fcomments&post=31096"}],"version-history":[{"count":0,"href":"https:\/\/www.ocorreionews.com.br\/acervo-correio\/index.php?rest_route=\/wp\/v2\/posts\/31096\/revisions"}],"wp:featuredmedia":[{"embeddable":true,"href":"https:\/\/www.ocorreionews.com.br\/acervo-correio\/index.php?rest_route=\/wp\/v2\/media\/30177"}],"wp:attachment":[{"href":"https:\/\/www.ocorreionews.com.br\/acervo-correio\/index.php?rest_route=%2Fwp%2Fv2%2Fmedia&parent=31096"}],"wp:term":[{"taxonomy":"category","embeddable":true,"href":"https:\/\/www.ocorreionews.com.br\/acervo-correio\/index.php?rest_route=%2Fwp%2Fv2%2Fcategories&post=31096"},{"taxonomy":"post_tag","embeddable":true,"href":"https:\/\/www.ocorreionews.com.br\/acervo-correio\/index.php?rest_route=%2Fwp%2Fv2%2Ftags&post=31096"}],"curies":[{"name":"wp","href":"https:\/\/api.w.org\/{rel}","templated":true}]}}