{"id":31098,"date":"2016-07-05T09:00:46","date_gmt":"2016-07-05T13:00:46","guid":{"rendered":"https:\/\/ocorreionews.com.br\/?p=31098"},"modified":"2016-07-05T09:00:46","modified_gmt":"2016-07-05T13:00:46","slug":"curso-sobre-clinica-tecnologica-de-midias-sociais-sera-oferecido-dia-11-de-julho-em-costa-rica","status":"publish","type":"post","link":"https:\/\/www.ocorreionews.com.br\/acervo-correio\/?p=31098","title":{"rendered":"Curso sobre \u201cCl\u00ednica Tecnol\u00f3gica de M\u00eddias Sociais&#8221; ser\u00e1 oferecido dia 11 de julho em Costa Rica"},"content":{"rendered":"<div class=\"marginBottom30px link-Internas\">\n<p>A SEMAD &#8211; Secretaria Municipal de Agricultura e Desenvolvimento &#8211; em parceria com a ACRIACRI \u2013 Associa\u00e7\u00e3o Comercial, Industrial e Agropastoril de Costa Rica &#8211; MS e o SEBRAE\/MS &#8211; Servi\u00e7o Brasileiro de Apoio \u00e0s Micro e Pequenas Empresas de Mato Grosso do Sul &#8211; oferecem na pr\u00f3xima segunda-feira, 11 de julho de 2016, das 19h \u00e0s 22h30, o curso \u201cCl\u00ednica Tecnol\u00f3gica de M\u00eddias Sociais\u201d.<\/p>\n<p>De acordo com o secret\u00e1rio de Agricultura e Desenvolvimento Keyler Simey Garcia Barbosa, o objetivo do curso \u00e9 a prepara\u00e7\u00e3o para atuar de maneira profissional e estrat\u00e9gica com solu\u00e7\u00f5es sob medida na gest\u00e3o de conte\u00fados nas redes sociais atrav\u00e9s de a\u00e7\u00f5es simples e objetivas, dicas online e mensura\u00e7\u00e3o de resultados.<\/p>\n<p>O agente de Desenvolvimento Local Jos\u00e9 Adriano de Jesus Silva explica que o curso \u00e9 voltado para empres\u00e1rios, gerentes e funcion\u00e1rios e tem a carga hor\u00e1ria de quatro horas te\u00f3ricas e quatro horas de pr\u00e1tica. \u201cAs consultorias ser\u00e3o realizadas de 12 a 15 de julho com hor\u00e1rio a ser marcado no dia do curso\u201d. .<\/p>\n<p>As inscri\u00e7\u00f5es custam R$ 100,00 e podem ser feitas na sede da ACIACRI, localizado na Rua T\u00e9rcio Teixeira Machado, N\u00b0 679 no Centro de Costa Rica. As vagas s\u00e3o limitadas. Para mais informa\u00e7\u00f5es: (67) 3247 1974 ou 3247 1107.<\/p>\n<p><strong>Confira abaixo o Conte\u00fado Program\u00e1tico:<\/strong><\/p>\n<p>&#8211; O que s\u00e3o redes sociais;<\/p>\n<p>&#8211; Como se comunicar online;<\/p>\n<p>&#8211; Diferen\u00e7a entre perfil pessoal no Facebook e empresarial;<\/p>\n<p>&#8211; Como criar p\u00e1gina no Facebook;<\/p>\n<p>&#8211; Dicas de design para o Facebook;<\/p>\n<p>&#8211; Diferentes estilos de postagens no Facebook, e postagens focadas em intera\u00e7\u00e3o;<\/p>\n<p>&#8211; Como se comunicar no Instagram;<\/p>\n<p>&#8211; Estrat\u00e9gias para Instagram;<\/p>\n<p>&#8211; Dicas e exemplos de fotografia;<\/p>\n<p>&#8211; Din\u00e2mica para cria\u00e7\u00e3o de an\u00fancios para Facebook;<\/p>\n<p>&#8211; Exemplo pr\u00e1tico de como utilizar a ferramenta paga do Facebook (Facebook ADS).<\/p>\n<p>&nbsp;<\/p>\n<\/div>\n<div class=\"marginBottom30px link-Internas\">ASSECOM\/PMCR<\/div>\n","protected":false},"excerpt":{"rendered":"<p>A SEMAD &#8211; Secretaria Municipal de Agricultura e Desenvolvimento &#8211; em parceria com a ACRIACRI \u2013 Associa\u00e7\u00e3o Comercial, Industrial e Agropastoril de Costa Rica &#8211; MS e o SEBRAE\/MS &#8211; Servi\u00e7o Brasileiro de Apoio \u00e0s Micro e Pequenas Empresas de Mato Grosso do Sul &#8211; oferecem na pr\u00f3xima segunda-feira, 11 de julho de 2016, das [&hellip;]<\/p>\n","protected":false},"author":4,"featured_media":31099,"comment_status":"closed","ping_status":"closed","sticky":false,"template":"","format":"standard","meta":{"footnotes":""},"categories":[25],"tags":[],"class_list":["post-31098","post","type-post","status-publish","format-standard","has-post-thumbnail","hentry","category-costa-rica"],"_links":{"self":[{"href":"https:\/\/www.ocorreionews.com.br\/acervo-correio\/index.php?rest_route=\/wp\/v2\/posts\/31098","targetHints":{"allow":["GET"]}}],"collection":[{"href":"https:\/\/www.ocorreionews.com.br\/acervo-correio\/index.php?rest_route=\/wp\/v2\/posts"}],"about":[{"href":"https:\/\/www.ocorreionews.com.br\/acervo-correio\/index.php?rest_route=\/wp\/v2\/types\/post"}],"author":[{"embeddable":true,"href":"https:\/\/www.ocorreionews.com.br\/acervo-correio\/index.php?rest_route=\/wp\/v2\/users\/4"}],"replies":[{"embeddable":true,"href":"https:\/\/www.ocorreionews.com.br\/acervo-correio\/index.php?rest_route=%2Fwp%2Fv2%2Fcomments&post=31098"}],"version-history":[{"count":0,"href":"https:\/\/www.ocorreionews.com.br\/acervo-correio\/index.php?rest_route=\/wp\/v2\/posts\/31098\/revisions"}],"wp:featuredmedia":[{"embeddable":true,"href":"https:\/\/www.ocorreionews.com.br\/acervo-correio\/index.php?rest_route=\/wp\/v2\/media\/31099"}],"wp:attachment":[{"href":"https:\/\/www.ocorreionews.com.br\/acervo-correio\/index.php?rest_route=%2Fwp%2Fv2%2Fmedia&parent=31098"}],"wp:term":[{"taxonomy":"category","embeddable":true,"href":"https:\/\/www.ocorreionews.com.br\/acervo-correio\/index.php?rest_route=%2Fwp%2Fv2%2Fcategories&post=31098"},{"taxonomy":"post_tag","embeddable":true,"href":"https:\/\/www.ocorreionews.com.br\/acervo-correio\/index.php?rest_route=%2Fwp%2Fv2%2Ftags&post=31098"}],"curies":[{"name":"wp","href":"https:\/\/api.w.org\/{rel}","templated":true}]}}